{"id":12201,"date":"2023-07-20T11:18:26","date_gmt":"2023-07-20T09:18:26","guid":{"rendered":"https:\/\/soleum.com\/bienestar-al-aire-libre-munich\/"},"modified":"2025-05-01T07:24:12","modified_gmt":"2025-05-01T05:24:12","slug":"bienestar-al-aire-libre-munich","status":"publish","type":"post","link":"https:\/\/soleum.com\/es\/bienestar-al-aire-libre-munich\/","title":{"rendered":"Bienestar al aire libre M\u00fanich"},"content":{"rendered":"<p><div class=\"fusion-fullwidth fullwidth-box fusion-builder-row-1 fusion-flex-container has-pattern-background has-mask-background nonhundred-percent-fullwidth non-hundred-percent-height-scrolling\" style=\"--awb-border-radius-top-left:0px;--awb-border-radius-top-right:0px;--awb-border-radius-bottom-right:0px;--awb-border-radius-bottom-left:0px;--awb-background-color:#ffffff;--awb-flex-wrap:wrap;\" ><div class=\"fusion-builder-row fusion-row fusion-flex-align-items-flex-start fusion-flex-content-wrap\" style=\"max-width:1216.8px;margin-left: calc(-4% \/ 2 );margin-right: calc(-4% \/ 2 );\"><div class=\"fusion-layout-column fusion_builder_column fusion-builder-column-0 fusion_builder_column_1_1 1_1 fusion-flex-column\" style=\"--awb-bg-color:#ffffff;--awb-bg-color-hover:#ffffff;--awb-bg-size:cover;--awb-width-large:100%;--awb-margin-top-large:20px;--awb-spacing-right-large:1.92%;--awb-margin-bottom-large:20px;--awb-spacing-left-large:1.92%;--awb-width-medium:100%;--awb-order-medium:0;--awb-spacing-right-medium:1.92%;--awb-spacing-left-medium:1.92%;--awb-width-small:100%;--awb-order-small:0;--awb-spacing-right-small:1.92%;--awb-spacing-left-small:1.92%;\" data-scroll-devices=\"small-visibility,medium-visibility,large-visibility\"><div class=\"fusion-column-wrapper fusion-column-has-shadow fusion-flex-justify-content-flex-start fusion-content-layout-column\"><div class=\"fusion-text fusion-text-1\"><h1>Bienestar al aire libre en el centro de M\u00fanich<\/h1>\n<\/div><div class=\"fusion-text fusion-text-2\"><h2>Climatizaci\u00f3n marina privada en su propia azotea &#8211; el \u00abRoof-Top-SPA\u00bb\u00a0<\/h2>\n<p><span style=\"color: #000000;\">En este proyecto de cliente, una cabina de climatizaci\u00f3n marina, equipada como un ba\u00f1o de vapor completo, se elev\u00f3 a una azotea en M\u00fanich. Puede ver el transporte de la gr\u00faa m\u00e1s abajo en este art\u00edculo.<br \/><\/span><\/p>\n<p><span style=\"color: #000000;\">En la cabina de clima marino <strong>Soleum<\/strong>, se roc\u00eda salmuera finamente atomizada, diluida y sin yodo, una verdadera pizca de aire marino, por as\u00ed decirlo. La sal aumenta la sudoraci\u00f3n, desintoxica y limpia y nutre la piel.<\/span><\/p>\n<p>Esta cabina exterior clima marino ha sido dise\u00f1ada con dos asientos diferentes (uno es un asiento confort).<br \/>La cabina SPA tiene capacidad para 4 personas. Es un tepidarium, ba\u00f1o de vapor y SOLEUM (inhalaci\u00f3n salina a trav\u00e9s de un vaporizador) todo en uno.<\/p>\n<\/div><div class=\"fusion-image-element \" style=\"--awb-caption-title-font-family:var(--h2_typography-font-family);--awb-caption-title-font-weight:var(--h2_typography-font-weight);--awb-caption-title-font-style:var(--h2_typography-font-style);--awb-caption-title-size:var(--h2_typography-font-size);--awb-caption-title-transform:var(--h2_typography-text-transform);--awb-caption-title-line-height:var(--h2_typography-line-height);--awb-caption-title-letter-spacing:var(--h2_typography-letter-spacing);\"><span class=\" fusion-imageframe imageframe-none imageframe-1 hover-type-none\"><img decoding=\"async\" width=\"771\" height=\"800\" alt=\"Bienestar al aire libre mar clima caba\u00f1a talasoterapia terraza en la azotea\" title=\"Outdoor-wellness-M\u00fcnchen\" src=\"https:\/\/soleum.com\/wp-content\/uploads\/2023\/06\/Outdoor-wellness-Muenchen.webp\" class=\"img-responsive wp-image-9004\" srcset=\"https:\/\/soleum.com\/wp-content\/uploads\/2023\/06\/Outdoor-wellness-Muenchen-200x208.jpg 200w, https:\/\/soleum.com\/wp-content\/uploads\/2023\/06\/Outdoor-wellness-Muenchen-400x415.jpg 400w, https:\/\/soleum.com\/wp-content\/uploads\/2023\/06\/Outdoor-wellness-Muenchen-600x623.jpg 600w, https:\/\/soleum.com\/wp-content\/uploads\/2023\/06\/Outdoor-wellness-Muenchen.webp 771w\" sizes=\"(max-width: 1500px) 100vw, (max-width: 640px) 100vw, 771px\" \/><\/span><\/div><div class=\"fusion-text fusion-text-3\"><blockquote>\n<h1>Galer\u00eda de im\u00e1genes de esta cabina SPA al aire libre<\/h1>\n<\/blockquote>\n<p><span style=\"color: #000000;\">En esta publicaci\u00f3n dejaremos que las im\u00e1genes hablen por s\u00ed solas. Bienestar al aire libre en M\u00fanich, en la azotea, en el jard\u00edn junto a la piscina o en la zona SPA del hotel. <br \/><\/span><\/p>\n<\/div><div class=\"awb-gallery-wrapper awb-gallery-wrapper-1 button-span-no\" style=\"--more-btn-alignment:center;\"><div style=\"margin:-5px;--awb-bordersize:0px;\" class=\"fusion-gallery fusion-gallery-container fusion-grid-3 fusion-columns-total-9 fusion-gallery-layout-grid fusion-gallery-1\"><div style=\"padding:5px;\" class=\"fusion-grid-column fusion-gallery-column fusion-gallery-column-3 hover-type-none\"><div class=\"fusion-gallery-image\"><a href=\"https:\/\/soleum.com\/wp-content\/uploads\/2023\/06\/Soleum-Halotherapie-Thalassotherapie-Kabine.webp\" rel=\"noreferrer\" data-rel=\"iLightbox[gallery_image_1]\" class=\"fusion-lightbox\" target=\"_self\"><img decoding=\"async\" src=\"https:\/\/soleum.com\/wp-content\/uploads\/2023\/06\/Soleum-Halotherapie-Thalassotherapie-Kabine.webp\" width=\"532\" height=\"800\" alt=\"Soleum-Halotherapie-Thalassotherapie-Kabine\" title=\"Soleum-Halotherapie-Thalassotherapie-Kabine\" aria-label=\"Soleum-Halotherapie-Thalassotherapie-Kabine\" class=\"img-responsive wp-image-9030\" srcset=\"https:\/\/soleum.com\/wp-content\/uploads\/2023\/06\/Soleum-Halotherapie-Thalassotherapie-Kabine-200x301.jpg 200w, https:\/\/soleum.com\/wp-content\/uploads\/2023\/06\/Soleum-Halotherapie-Thalassotherapie-Kabine-400x602.jpg 400w, https:\/\/soleum.com\/wp-content\/uploads\/2023\/06\/Soleum-Halotherapie-Thalassotherapie-Kabine.webp 532w\" sizes=\"(min-width: 2200px) 100vw, (min-width: 782px) 387px, (min-width: 711px) 580px, (min-width: 640px) 711px, \" \/><\/a><\/div><\/div><div style=\"padding:5px;\" class=\"fusion-grid-column fusion-gallery-column fusion-gallery-column-3 hover-type-none\"><div class=\"fusion-gallery-image\"><a href=\"https:\/\/soleum.com\/wp-content\/uploads\/2023\/06\/Soleum-Aussen-SPA-OMEGA.webp\" rel=\"noreferrer\" data-rel=\"iLightbox[gallery_image_1]\" class=\"fusion-lightbox\" target=\"_self\"><img decoding=\"async\" src=\"https:\/\/soleum.com\/wp-content\/uploads\/2023\/06\/Soleum-Aussen-SPA-OMEGA.webp\" width=\"665\" height=\"1000\" alt=\"Soleum-Aussen-SPA-OMEGA\" title=\"Soleum-Aussen-SPA-OMEGA\" aria-label=\"Soleum-Aussen-SPA-OMEGA\" class=\"img-responsive wp-image-9017\" srcset=\"https:\/\/soleum.com\/wp-content\/uploads\/2023\/06\/Soleum-Aussen-SPA-OMEGA-200x301.jpg 200w, https:\/\/soleum.com\/wp-content\/uploads\/2023\/06\/Soleum-Aussen-SPA-OMEGA-400x602.jpg 400w, https:\/\/soleum.com\/wp-content\/uploads\/2023\/06\/Soleum-Aussen-SPA-OMEGA-600x902.jpg 600w, https:\/\/soleum.com\/wp-content\/uploads\/2023\/06\/Soleum-Aussen-SPA-OMEGA.webp 665w\" sizes=\"(min-width: 2200px) 100vw, (min-width: 782px) 387px, (min-width: 711px) 580px, (min-width: 640px) 711px, \" \/><\/a><\/div><\/div><div style=\"padding:5px;\" class=\"fusion-grid-column fusion-gallery-column fusion-gallery-column-3 hover-type-none\"><div class=\"fusion-gallery-image\"><a href=\"https:\/\/soleum.com\/wp-content\/uploads\/2023\/06\/SOLEUM-SPA-Thalassotherapiekabine.webp\" rel=\"noreferrer\" data-rel=\"iLightbox[gallery_image_1]\" class=\"fusion-lightbox\" target=\"_self\"><img decoding=\"async\" src=\"https:\/\/soleum.com\/wp-content\/uploads\/2023\/06\/SOLEUM-SPA-Thalassotherapiekabine.webp\" width=\"845\" height=\"800\" alt=\"SOLEUM-SPA-Thalassotherapiekabine\" title=\"SOLEUM-SPA-Thalassotherapiekabine\" aria-label=\"SOLEUM-SPA-Thalassotherapiekabine\" class=\"img-responsive wp-image-8991\" srcset=\"https:\/\/soleum.com\/wp-content\/uploads\/2023\/06\/SOLEUM-SPA-Thalassotherapiekabine-200x189.jpg 200w, https:\/\/soleum.com\/wp-content\/uploads\/2023\/06\/SOLEUM-SPA-Thalassotherapiekabine-400x379.jpg 400w, https:\/\/soleum.com\/wp-content\/uploads\/2023\/06\/SOLEUM-SPA-Thalassotherapiekabine-600x568.jpg 600w, https:\/\/soleum.com\/wp-content\/uploads\/2023\/06\/SOLEUM-SPA-Thalassotherapiekabine-800x757.jpg 800w, https:\/\/soleum.com\/wp-content\/uploads\/2023\/06\/SOLEUM-SPA-Thalassotherapiekabine.webp 845w\" sizes=\"(min-width: 2200px) 100vw, (min-width: 782px) 387px, (min-width: 711px) 580px, (min-width: 640px) 711px, \" \/><\/a><\/div><\/div><div class=\"clearfix\"><\/div><div style=\"padding:5px;\" class=\"fusion-grid-column fusion-gallery-column fusion-gallery-column-3 hover-type-none\"><div class=\"fusion-gallery-image\"><a href=\"https:\/\/soleum.com\/wp-content\/uploads\/2023\/06\/Soleum-Soledampfbad-OMEGA-RGBW-Lights-3.webp\" rel=\"noreferrer\" data-rel=\"iLightbox[gallery_image_1]\" class=\"fusion-lightbox\" target=\"_self\"><img decoding=\"async\" src=\"https:\/\/soleum.com\/wp-content\/uploads\/2023\/06\/Soleum-Soledampfbad-OMEGA-RGBW-Lights-3.webp\" width=\"532\" height=\"800\" alt=\"Soleum-Soledampfbad-OMEGA\" title=\"Soleum-Soledampfbad-OMEGA-RGBW-Lights-3\" aria-label=\"Soleum-Soledampfbad-OMEGA-RGBW-Lights-3\" class=\"img-responsive wp-image-8978\" srcset=\"https:\/\/soleum.com\/wp-content\/uploads\/2023\/06\/Soleum-Soledampfbad-OMEGA-RGBW-Lights-3-200x301.jpg 200w, https:\/\/soleum.com\/wp-content\/uploads\/2023\/06\/Soleum-Soledampfbad-OMEGA-RGBW-Lights-3-400x602.jpg 400w, https:\/\/soleum.com\/wp-content\/uploads\/2023\/06\/Soleum-Soledampfbad-OMEGA-RGBW-Lights-3.webp 532w\" sizes=\"(min-width: 2200px) 100vw, (min-width: 782px) 387px, (min-width: 711px) 580px, (min-width: 640px) 711px, \" \/><\/a><\/div><\/div><div style=\"padding:5px;\" class=\"fusion-grid-column fusion-gallery-column fusion-gallery-column-3 hover-type-none\"><div class=\"fusion-gallery-image\"><a href=\"https:\/\/soleum.com\/wp-content\/uploads\/2023\/06\/Soleum-Salzinhalationskabine-OMEGA-RGBW-Lichter.webp\" rel=\"noreferrer\" data-rel=\"iLightbox[gallery_image_1]\" class=\"fusion-lightbox\" target=\"_self\"><img decoding=\"async\" src=\"https:\/\/soleum.com\/wp-content\/uploads\/2023\/06\/Soleum-Salzinhalationskabine-OMEGA-RGBW-Lichter.webp\" width=\"532\" height=\"800\" alt=\"Soleum-Salzinhalationskabine-OMEGA-RGBW-Lichter\" title=\"Soleum-Salzinhalationskabine-OMEGA-RGBW-Lichter\" aria-label=\"Soleum-Salzinhalationskabine-OMEGA-RGBW-Lichter\" class=\"img-responsive wp-image-8965\" srcset=\"https:\/\/soleum.com\/wp-content\/uploads\/2023\/06\/Soleum-Salzinhalationskabine-OMEGA-RGBW-Lichter-200x301.jpg 200w, https:\/\/soleum.com\/wp-content\/uploads\/2023\/06\/Soleum-Salzinhalationskabine-OMEGA-RGBW-Lichter-400x602.jpg 400w, https:\/\/soleum.com\/wp-content\/uploads\/2023\/06\/Soleum-Salzinhalationskabine-OMEGA-RGBW-Lichter.webp 532w\" sizes=\"(min-width: 2200px) 100vw, (min-width: 782px) 387px, (min-width: 711px) 580px, (min-width: 640px) 711px, \" \/><\/a><\/div><\/div><div style=\"padding:5px;\" class=\"fusion-grid-column fusion-gallery-column fusion-gallery-column-3 hover-type-none\"><div class=\"fusion-gallery-image\"><a href=\"https:\/\/soleum.com\/wp-content\/uploads\/2023\/06\/Soleum-Salt-Climate-Cabin-OMEGA-Farbtherapie.webp\" rel=\"noreferrer\" data-rel=\"iLightbox[gallery_image_1]\" class=\"fusion-lightbox\" target=\"_self\"><img decoding=\"async\" src=\"https:\/\/soleum.com\/wp-content\/uploads\/2023\/06\/Soleum-Salt-Climate-Cabin-OMEGA-Farbtherapie.webp\" width=\"532\" height=\"800\" alt=\"Soleum-Salt-Climate-Cabin-OMEGA-Farbtherapie\" title=\"Soleum-Salt-Climate-Cabin-OMEGA-Farbtherapie\" aria-label=\"Soleum-Salt-Climate-Cabin-OMEGA-Farbtherapie\" class=\"img-responsive wp-image-8952\" srcset=\"https:\/\/soleum.com\/wp-content\/uploads\/2023\/06\/Soleum-Salt-Climate-Cabin-OMEGA-Farbtherapie-200x301.jpg 200w, https:\/\/soleum.com\/wp-content\/uploads\/2023\/06\/Soleum-Salt-Climate-Cabin-OMEGA-Farbtherapie-400x602.jpg 400w, https:\/\/soleum.com\/wp-content\/uploads\/2023\/06\/Soleum-Salt-Climate-Cabin-OMEGA-Farbtherapie.webp 532w\" sizes=\"(min-width: 2200px) 100vw, (min-width: 782px) 387px, (min-width: 711px) 580px, (min-width: 640px) 711px, \" \/><\/a><\/div><\/div><div class=\"clearfix\"><\/div><div style=\"padding:5px;\" class=\"fusion-grid-column fusion-gallery-column fusion-gallery-column-3 hover-type-none\"><div class=\"fusion-gallery-image\"><a href=\"https:\/\/soleum.com\/wp-content\/uploads\/2023\/06\/Soleum-Health-SPA-OMEGA_4.webp\" rel=\"noreferrer\" data-rel=\"iLightbox[gallery_image_1]\" class=\"fusion-lightbox\" target=\"_self\"><img decoding=\"async\" src=\"https:\/\/soleum.com\/wp-content\/uploads\/2023\/06\/Soleum-Health-SPA-OMEGA_4.webp\" width=\"1000\" height=\"666\" alt=\"Soleum-Health-SPA-OMEGA\" title=\"Soleum-Health-SPA-OMEGA_4\" aria-label=\"Soleum-Health-SPA-OMEGA_4\" class=\"img-responsive wp-image-8939\" srcset=\"https:\/\/soleum.com\/wp-content\/uploads\/2023\/06\/Soleum-Health-SPA-OMEGA_4-200x133.jpg 200w, https:\/\/soleum.com\/wp-content\/uploads\/2023\/06\/Soleum-Health-SPA-OMEGA_4-400x266.jpg 400w, https:\/\/soleum.com\/wp-content\/uploads\/2023\/06\/Soleum-Health-SPA-OMEGA_4-600x400.jpg 600w, https:\/\/soleum.com\/wp-content\/uploads\/2023\/06\/Soleum-Health-SPA-OMEGA_4-800x533.jpg 800w, https:\/\/soleum.com\/wp-content\/uploads\/2023\/06\/Soleum-Health-SPA-OMEGA_4.webp 1000w\" sizes=\"(min-width: 2200px) 100vw, (min-width: 782px) 387px, (min-width: 711px) 580px, (min-width: 640px) 711px, \" \/><\/a><\/div><\/div><div style=\"padding:5px;\" class=\"fusion-grid-column fusion-gallery-column fusion-gallery-column-3 hover-type-none\"><div class=\"fusion-gallery-image\"><a href=\"https:\/\/soleum.com\/wp-content\/uploads\/2023\/06\/Soleum-Health-SPA-OMEGA_3.webp\" rel=\"noreferrer\" data-rel=\"iLightbox[gallery_image_1]\" class=\"fusion-lightbox\" target=\"_self\"><img decoding=\"async\" src=\"https:\/\/soleum.com\/wp-content\/uploads\/2023\/06\/Soleum-Health-SPA-OMEGA_3.webp\" width=\"1000\" height=\"666\" alt=\"Soleum-Health-SPA-OMEGA_Mikrozementbeschichtung\" title=\"Soleum-Health-SPA-OMEGA_3\" aria-label=\"Soleum-Health-SPA-OMEGA_3\" class=\"img-responsive wp-image-8926\" srcset=\"https:\/\/soleum.com\/wp-content\/uploads\/2023\/06\/Soleum-Health-SPA-OMEGA_3-200x133.jpg 200w, https:\/\/soleum.com\/wp-content\/uploads\/2023\/06\/Soleum-Health-SPA-OMEGA_3-400x266.jpg 400w, https:\/\/soleum.com\/wp-content\/uploads\/2023\/06\/Soleum-Health-SPA-OMEGA_3-600x400.jpg 600w, https:\/\/soleum.com\/wp-content\/uploads\/2023\/06\/Soleum-Health-SPA-OMEGA_3-800x533.jpg 800w, https:\/\/soleum.com\/wp-content\/uploads\/2023\/06\/Soleum-Health-SPA-OMEGA_3.webp 1000w\" sizes=\"(min-width: 2200px) 100vw, (min-width: 782px) 387px, (min-width: 711px) 580px, (min-width: 640px) 711px, \" \/><\/a><\/div><\/div><div style=\"padding:5px;\" class=\"fusion-grid-column fusion-gallery-column fusion-gallery-column-3 hover-type-none\"><div class=\"fusion-gallery-image\"><a href=\"https:\/\/soleum.com\/wp-content\/uploads\/2023\/06\/Soleum-Health-SPA-OMEGA_1.webp\" rel=\"noreferrer\" data-rel=\"iLightbox[gallery_image_1]\" class=\"fusion-lightbox\" target=\"_self\"><img decoding=\"async\" src=\"https:\/\/soleum.com\/wp-content\/uploads\/2023\/06\/Soleum-Health-SPA-OMEGA_1.webp\" width=\"1000\" height=\"666\" alt=\"Soleum-Health-SPA-OMEGA\" title=\"Soleum-Health-SPA-OMEGA_1\" aria-label=\"Soleum-Health-SPA-OMEGA_1\" class=\"img-responsive wp-image-8913\" srcset=\"https:\/\/soleum.com\/wp-content\/uploads\/2023\/06\/Soleum-Health-SPA-OMEGA_1-200x133.jpg 200w, https:\/\/soleum.com\/wp-content\/uploads\/2023\/06\/Soleum-Health-SPA-OMEGA_1-400x266.jpg 400w, https:\/\/soleum.com\/wp-content\/uploads\/2023\/06\/Soleum-Health-SPA-OMEGA_1-600x400.jpg 600w, https:\/\/soleum.com\/wp-content\/uploads\/2023\/06\/Soleum-Health-SPA-OMEGA_1-800x533.jpg 800w, https:\/\/soleum.com\/wp-content\/uploads\/2023\/06\/Soleum-Health-SPA-OMEGA_1.webp 1000w\" sizes=\"(min-width: 2200px) 100vw, (min-width: 782px) 387px, (min-width: 711px) 580px, (min-width: 640px) 711px, \" \/><\/a><\/div><\/div><div class=\"clearfix\"><\/div><\/div><\/div><div class=\"fusion-separator fusion-full-width-sep\" style=\"align-self: center;margin-left: auto;margin-right: auto;margin-top:45px;margin-bottom:45px;width:100%;\"><\/div><div class=\"fusion-builder-row fusion-builder-row-inner fusion-row fusion-flex-align-items-flex-start fusion-flex-content-wrap\" style=\"--awb-flex-grow:0;--awb-flex-grow-medium:0;--awb-flex-grow-small:0;--awb-flex-shrink:0;--awb-flex-shrink-medium:0;--awb-flex-shrink-small:0;width:104% !important;max-width:104% !important;margin-left: calc(-4% \/ 2 );margin-right: calc(-4% \/ 2 );\"><div class=\"fusion-layout-column fusion_builder_column_inner fusion-builder-nested-column-0 fusion_builder_column_inner_1_2 1_2 fusion-flex-column\" style=\"--awb-bg-size:cover;--awb-width-large:50%;--awb-margin-top-large:20px;--awb-spacing-right-large:3.84%;--awb-margin-bottom-large:20px;--awb-spacing-left-large:3.84%;--awb-width-medium:100%;--awb-order-medium:0;--awb-spacing-right-medium:1.92%;--awb-spacing-left-medium:1.92%;--awb-width-small:100%;--awb-order-small:0;--awb-spacing-right-small:1.92%;--awb-spacing-left-small:1.92%;\"><div class=\"fusion-column-wrapper fusion-column-has-shadow fusion-flex-justify-content-flex-start fusion-content-layout-column\"><div class=\"fusion-text fusion-text-4\" style=\"--awb-margin-top:150px;\"><p><span style=\"color: #000000;\">La teleducha integrada ofrece una opci\u00f3n de conexi\u00f3n para agua fr\u00eda y caliente. Si solo llega agua fr\u00eda a la cabina, el instalador debe conectar las dos conexiones.<\/span><\/p>\n<p><span style=\"color: #000000;\">Despu\u00e9s de un exfoliante calmante (p. ej., sal) o compresas de barro, puede ducharse con la ducha de mano. Su uso principal, sin embargo, es para el enjuague\/limpieza regular de la cabina despu\u00e9s de una inhalaci\u00f3n de sal o t\u00e9.<\/span><\/p>\n<\/div><\/div><\/div><div class=\"fusion-layout-column fusion_builder_column_inner fusion-builder-nested-column-1 fusion_builder_column_inner_1_2 1_2 fusion-flex-column\" style=\"--awb-bg-size:cover;--awb-width-large:50%;--awb-margin-top-large:20px;--awb-spacing-right-large:3.84%;--awb-margin-bottom-large:20px;--awb-spacing-left-large:3.84%;--awb-width-medium:100%;--awb-order-medium:0;--awb-spacing-right-medium:1.92%;--awb-spacing-left-medium:1.92%;--awb-width-small:100%;--awb-order-small:0;--awb-spacing-right-small:1.92%;--awb-spacing-left-small:1.92%;\"><div class=\"fusion-column-wrapper fusion-column-has-shadow fusion-flex-justify-content-flex-start fusion-content-layout-column\"><div class=\"fusion-image-element \" style=\"--awb-caption-title-font-family:var(--h2_typography-font-family);--awb-caption-title-font-weight:var(--h2_typography-font-weight);--awb-caption-title-font-style:var(--h2_typography-font-style);--awb-caption-title-size:var(--h2_typography-font-size);--awb-caption-title-transform:var(--h2_typography-text-transform);--awb-caption-title-line-height:var(--h2_typography-line-height);--awb-caption-title-letter-spacing:var(--h2_typography-letter-spacing);\"><span class=\" fusion-imageframe imageframe-none imageframe-2 hover-type-none\"><img decoding=\"async\" width=\"665\" height=\"1000\" alt=\"Ducha de mano en el ba\u00f1o de vapor al aire libre\" title=\"Soleum-Handbrause\" src=\"https:\/\/soleum.com\/wp-content\/uploads\/2023\/06\/Soleum-Handbrause.webp\" class=\"img-responsive wp-image-8900\" srcset=\"https:\/\/soleum.com\/wp-content\/uploads\/2023\/06\/Soleum-Handbrause-200x301.jpg 200w, https:\/\/soleum.com\/wp-content\/uploads\/2023\/06\/Soleum-Handbrause-400x602.jpg 400w, https:\/\/soleum.com\/wp-content\/uploads\/2023\/06\/Soleum-Handbrause-600x902.jpg 600w, https:\/\/soleum.com\/wp-content\/uploads\/2023\/06\/Soleum-Handbrause.webp 665w\" sizes=\"(max-width: 1500px) 100vw, (max-width: 640px) 100vw, 600px\" \/><\/span><\/div><\/div><\/div><\/div><\/div><\/div><div class=\"fusion-layout-column fusion_builder_column fusion-builder-column-1 fusion_builder_column_1_1 1_1 fusion-flex-column\" style=\"--awb-bg-size:cover;--awb-width-large:100%;--awb-margin-top-large:20px;--awb-spacing-right-large:1.92%;--awb-margin-bottom-large:20px;--awb-spacing-left-large:1.92%;--awb-width-medium:100%;--awb-order-medium:0;--awb-spacing-right-medium:1.92%;--awb-spacing-left-medium:1.92%;--awb-width-small:100%;--awb-order-small:0;--awb-spacing-right-small:1.92%;--awb-spacing-left-small:1.92%;\"><div class=\"fusion-column-wrapper fusion-column-has-shadow fusion-flex-justify-content-flex-start fusion-content-layout-column\"><div class=\"fusion-text fusion-text-5\"><blockquote>\n<p>TRANSPORTE al CLIENTE<\/p>\n<\/blockquote>\n<p>Despu\u00e9s de que los materiales se hayan secado y las pruebas y el control de calidad se hayan completado con \u00e9xito, la cabina se transporta en cami\u00f3n a su destino en M\u00fanich.<\/p>\n<\/div><div class=\"fusion-builder-row fusion-builder-row-inner fusion-row fusion-flex-align-items-flex-start fusion-flex-content-wrap\" style=\"--awb-flex-grow:0;--awb-flex-grow-medium:0;--awb-flex-grow-small:0;--awb-flex-shrink:0;--awb-flex-shrink-medium:0;--awb-flex-shrink-small:0;width:104% !important;max-width:104% !important;margin-left: calc(-4% \/ 2 );margin-right: calc(-4% \/ 2 );\"><div class=\"fusion-layout-column fusion_builder_column_inner fusion-builder-nested-column-2 fusion_builder_column_inner_1_2 1_2 fusion-flex-column\" style=\"--awb-bg-size:cover;--awb-width-large:50%;--awb-margin-top-large:20px;--awb-spacing-right-large:3.84%;--awb-margin-bottom-large:20px;--awb-spacing-left-large:3.84%;--awb-width-medium:100%;--awb-order-medium:0;--awb-spacing-right-medium:1.92%;--awb-spacing-left-medium:1.92%;--awb-width-small:100%;--awb-order-small:0;--awb-spacing-right-small:1.92%;--awb-spacing-left-small:1.92%;\"><div class=\"fusion-column-wrapper fusion-column-has-shadow fusion-flex-justify-content-flex-start fusion-content-layout-column\"><div class=\"fusion-video fusion-youtube\" style=\"--awb-max-width:600px;--awb-max-height:360px;\"><div class=\"video-shortcode\"><div class=\"fluid-width-video-wrapper\" style=\"padding-top:60%;\" ><iframe title=\"Transport-Kranentladung beim Kunden in M\u00fcnchen\" src=\"https:\/\/www.youtube.com\/embed\/g9anrUCDmv8?wmode=transparent&autoplay=0\" width=\"600\" height=\"360\" allowfullscreen allow=\"autoplay; clipboard-write; encrypted-media; gyroscope; picture-in-picture;\"><\/iframe><\/div><\/div><\/div><\/div><\/div><div class=\"fusion-layout-column fusion_builder_column_inner fusion-builder-nested-column-3 fusion_builder_column_inner_1_2 1_2 fusion-flex-column\" style=\"--awb-bg-size:cover;--awb-width-large:50%;--awb-margin-top-large:20px;--awb-spacing-right-large:3.84%;--awb-margin-bottom-large:20px;--awb-spacing-left-large:3.84%;--awb-width-medium:100%;--awb-order-medium:0;--awb-spacing-right-medium:1.92%;--awb-spacing-left-medium:1.92%;--awb-width-small:100%;--awb-order-small:0;--awb-spacing-right-small:1.92%;--awb-spacing-left-small:1.92%;\"><div class=\"fusion-column-wrapper fusion-column-has-shadow fusion-flex-justify-content-flex-start fusion-content-layout-column\"><div class=\"fusion-video fusion-youtube\" style=\"--awb-max-width:600px;--awb-max-height:360px;\"><div class=\"video-shortcode\"><div class=\"fluid-width-video-wrapper\" style=\"padding-top:60%;\" ><iframe title=\"Transport-Kranentladung beim Kunden in M\u00fcnchen\" src=\"https:\/\/www.youtube.com\/embed\/YyokoaNYzvQ?wmode=transparent&autoplay=0\" width=\"600\" height=\"360\" allowfullscreen allow=\"autoplay; clipboard-write; encrypted-media; gyroscope; picture-in-picture;\"><\/iframe><\/div><\/div><\/div><\/div><\/div><\/div><\/div><\/div><\/div><\/div><div class=\"fusion-fullwidth fullwidth-box fusion-builder-row-2 fusion-flex-container has-pattern-background has-mask-background nonhundred-percent-fullwidth non-hundred-percent-height-scrolling\" style=\"--awb-border-radius-top-left:0px;--awb-border-radius-top-right:0px;--awb-border-radius-bottom-right:0px;--awb-border-radius-bottom-left:0px;--awb-flex-wrap:wrap;\" ><div class=\"fusion-builder-row fusion-row fusion-flex-align-items-flex-start fusion-flex-content-wrap\" style=\"max-width:1216.8px;margin-left: calc(-4% \/ 2 );margin-right: calc(-4% \/ 2 );\"><div class=\"fusion-layout-column fusion_builder_column fusion-builder-column-2 fusion_builder_column_1_1 1_1 fusion-flex-column\" style=\"--awb-bg-size:cover;--awb-width-large:100%;--awb-margin-top-large:20px;--awb-spacing-right-large:1.92%;--awb-margin-bottom-large:20px;--awb-spacing-left-large:1.92%;--awb-width-medium:100%;--awb-order-medium:0;--awb-spacing-right-medium:1.92%;--awb-spacing-left-medium:1.92%;--awb-width-small:100%;--awb-order-small:0;--awb-spacing-right-small:1.92%;--awb-spacing-left-small:1.92%;\"><div class=\"fusion-column-wrapper fusion-column-has-shadow fusion-flex-justify-content-flex-start fusion-content-layout-column\"><div class=\"fusion-text fusion-text-6\"><blockquote>\n<p>otros proyectos de clientes OMEGA<\/p>\n<\/blockquote>\n<\/div><div class=\"fusion-post-slider fusion-flexslider fusion-flexslider-loading flexslider-posts\"><ul class=\"slides\"><li><a href=\"https:\/\/soleum.com\/es\/bano-turco-exterior-premium-con-vastago-tube\/\" aria-label=\"Ba\u00f1o turco exterior premium con v\u00e1stago TUBE\"><img decoding=\"async\" width=\"720\" height=\"720\" class=\"wp-image-23786\" src=\"https:\/\/soleum.com\/wp-content\/uploads\/2026\/04\/OMEGA-mit-Vorbau-Beitrag.webp\" alt=\"OMEGA con v\u00e1stago\" srcset=\"https:\/\/soleum.com\/wp-content\/uploads\/2026\/04\/OMEGA-mit-Vorbau-Beitrag-200x200.webp 200w, https:\/\/soleum.com\/wp-content\/uploads\/2026\/04\/OMEGA-mit-Vorbau-Beitrag-400x400.webp 400w, https:\/\/soleum.com\/wp-content\/uploads\/2026\/04\/OMEGA-mit-Vorbau-Beitrag-600x600.webp 600w, https:\/\/soleum.com\/wp-content\/uploads\/2026\/04\/OMEGA-mit-Vorbau-Beitrag.webp 720w\" sizes=\"(max-width: 1500px) 100vw, (max-width: 640px) 100vw, 720px\" title=\"\"><\/a><div class=\"slide-excerpt\"><h2><a href=\"https:\/\/soleum.com\/es\/bano-turco-exterior-premium-con-vastago-tube\/\">Ba\u00f1o turco exterior premium con v\u00e1stago TUBE<\/a><\/h2><\/div><\/li><li><a href=\"https:\/\/soleum.com\/es\/spa-investition-meeresklimakabinecabina-climatica-marina-de-inversion-spa\/\" aria-label=\"SPA Investition MeeresklimakabineCabina clim\u00e1tica marina de inversi\u00f3n SPA\"><img decoding=\"async\" width=\"720\" height=\"720\" class=\"wp-image-20736\" src=\"https:\/\/soleum.com\/wp-content\/uploads\/2023\/06\/SOLEUM_OMEGA_Hotel-Deutschland.webp\" alt=\"SOLEUM OMEGA Hirschen Hotel Parsberg Deutschland\" srcset=\"https:\/\/soleum.com\/wp-content\/uploads\/2023\/06\/SOLEUM_OMEGA_Hotel-Deutschland-200x200.jpg 200w, https:\/\/soleum.com\/wp-content\/uploads\/2023\/06\/SOLEUM_OMEGA_Hotel-Deutschland-400x400.jpg 400w, https:\/\/soleum.com\/wp-content\/uploads\/2023\/06\/SOLEUM_OMEGA_Hotel-Deutschland-600x600.jpg 600w, https:\/\/soleum.com\/wp-content\/uploads\/2023\/06\/SOLEUM_OMEGA_Hotel-Deutschland.webp 720w\" sizes=\"(max-width: 1500px) 100vw, (max-width: 640px) 100vw, 720px\" title=\"\"><\/a><div class=\"slide-excerpt\"><h2><a href=\"https:\/\/soleum.com\/es\/spa-investition-meeresklimakabinecabina-climatica-marina-de-inversion-spa\/\">SPA Investition MeeresklimakabineCabina clim\u00e1tica marina de inversi\u00f3n SPA<\/a><\/h2><\/div><\/li><li><a href=\"https:\/\/soleum.com\/es\/bienestar-al-aire-libre-munich\/\" aria-label=\"Bienestar al aire libre M\u00fanich\"><img decoding=\"async\" width=\"720\" height=\"720\" class=\"wp-image-20726\" src=\"https:\/\/soleum.com\/wp-content\/uploads\/2023\/06\/SOLEUM-OMEGA-Muenchen.webp\" alt=\"Outdoor Wellness M\u00fcnchen - Soleum OMEGA\" srcset=\"https:\/\/soleum.com\/wp-content\/uploads\/2023\/06\/SOLEUM-OMEGA-Muenchen-200x200.jpg 200w, https:\/\/soleum.com\/wp-content\/uploads\/2023\/06\/SOLEUM-OMEGA-Muenchen-400x400.jpg 400w, https:\/\/soleum.com\/wp-content\/uploads\/2023\/06\/SOLEUM-OMEGA-Muenchen-600x600.jpg 600w, https:\/\/soleum.com\/wp-content\/uploads\/2023\/06\/SOLEUM-OMEGA-Muenchen.webp 720w\" sizes=\"(max-width: 1500px) 100vw, (max-width: 640px) 100vw, 720px\" title=\"\"><\/a><div class=\"slide-excerpt\"><h2><a href=\"https:\/\/soleum.com\/es\/bienestar-al-aire-libre-munich\/\">Bienestar al aire libre M\u00fanich<\/a><\/h2><\/div><\/li><\/ul><\/div><\/div><\/div><\/div><\/div><\/p>\n","protected":false},"excerpt":{"rendered":"","protected":false},"author":1,"featured_media":20726,"comment_status":"closed","ping_status":"closed","sticky":false,"template":"","format":"standard","meta":{"_exactmetrics_skip_tracking":false,"_exactmetrics_sitenote_active":false,"_exactmetrics_sitenote_note":"","_exactmetrics_sitenote_category":0,"footnotes":""},"categories":[2059],"tags":[1784,1739,1776,1759,1763,1768,1764,1773,1772,1769,2060,2067,2061,1777,1771,1779,1780,1760,1761,1741,1745,1740,1778,2066,1781,1766,2062,2063,1774,1749,1762,1738,2069,2064,2068,1783,1782,1737,1757,1742,2070,1747,1765,1775,1746,1770,1743,1748,1767,2065],"class_list":["post-12201","post","type-post","status-publish","format-standard","has-post-thumbnail","hentry","category-proyectos-soleum-omega-spa","tag-architect-spa-es","tag-architekten-spa-es","tag-articulos-de-spa-de-lujo","tag-aussen-spa-es","tag-bano-de-vapor-al-aire-libre","tag-bano-de-vapor-de-hotel","tag-bano-de-vapor-de-jardin","tag-bano-de-vapor-de-lujo","tag-bano-de-vapor-de-lujo-al-aire-libre","tag-bano-de-vapor-de-piscina-infinita","tag-bienestar-al-aire-libre","tag-bienestar-al-aire-libre-es","tag-cabina-climatica-marina-de-inversion-spa","tag-cabina-de-clima-marino","tag-cabina-de-inhalacion","tag-consultor-de-spa","tag-disenador-de-spa","tag-echtmetallbeschichtung-es","tag-garten-spa-es","tag-hotel-spa-innovation-es","tag-hotel-supply-es","tag-hoteldampfbad-es","tag-inhalacion-de-sal","tag-inhalacion-de-sal-seca","tag-innovacion-de-spa","tag-innovacion-de-spa-de-hotel","tag-inversion-en-balneario","tag-inversiones-spa","tag-lujo-spa-de-jardin","tag-luxus-aussendampfbad-es","tag-luxus-garten-spa-es","tag-luxus-spa-artikel-es","tag-munich-es","tag-nueva-idea-de-spa","tag-piscina-infinita-spa","tag-producto-de-spa-termal","tag-proyecto-de-spa","tag-salzinhalation-es","tag-soleum-egg-es","tag-soleum-ellipse-es","tag-soleum-omega-es","tag-spa-consultant-es","tag-spa-de-jardin","tag-spa-de-lujo","tag-spa-designer-es","tag-spa-infinito","tag-spa-innovation-es","tag-spa-projekt-es","tag-suministro-de-hotel","tag-talasoterapia"],"_links":{"self":[{"href":"https:\/\/soleum.com\/es\/wp-json\/wp\/v2\/posts\/12201","targetHints":{"allow":["GET"]}}],"collection":[{"href":"https:\/\/soleum.com\/es\/wp-json\/wp\/v2\/posts"}],"about":[{"href":"https:\/\/soleum.com\/es\/wp-json\/wp\/v2\/types\/post"}],"author":[{"embeddable":true,"href":"https:\/\/soleum.com\/es\/wp-json\/wp\/v2\/users\/1"}],"replies":[{"embeddable":true,"href":"https:\/\/soleum.com\/es\/wp-json\/wp\/v2\/comments?post=12201"}],"version-history":[{"count":0,"href":"https:\/\/soleum.com\/es\/wp-json\/wp\/v2\/posts\/12201\/revisions"}],"wp:featuredmedia":[{"embeddable":true,"href":"https:\/\/soleum.com\/es\/wp-json\/wp\/v2\/media\/20726"}],"wp:attachment":[{"href":"https:\/\/soleum.com\/es\/wp-json\/wp\/v2\/media?parent=12201"}],"wp:term":[{"taxonomy":"category","embeddable":true,"href":"https:\/\/soleum.com\/es\/wp-json\/wp\/v2\/categories?post=12201"},{"taxonomy":"post_tag","embeddable":true,"href":"https:\/\/soleum.com\/es\/wp-json\/wp\/v2\/tags?post=12201"}],"curies":[{"name":"wp","href":"https:\/\/api.w.org\/{rel}","templated":true}]}}