{"id":16966,"date":"2024-11-17T10:37:33","date_gmt":"2024-11-17T09:37:33","guid":{"rendered":"https:\/\/soleum.com\/area-de-bano-de-vapor-al-aire-libre-de-lujo\/"},"modified":"2026-02-15T11:04:42","modified_gmt":"2026-02-15T10:04:42","slug":"area-de-bano-de-vapor-al-aire-libre-de-lujo","status":"publish","type":"post","link":"https:\/\/soleum.com\/es\/area-de-bano-de-vapor-al-aire-libre-de-lujo\/","title":{"rendered":"Ba\u00f1o de vapor de lujo en la zona exterior"},"content":{"rendered":"<p><div class=\"fusion-fullwidth fullwidth-box fusion-builder-row-1 fusion-flex-container has-pattern-background has-mask-background nonhundred-percent-fullwidth non-hundred-percent-height-scrolling\" style=\"--awb-border-radius-top-left:0px;--awb-border-radius-top-right:0px;--awb-border-radius-bottom-right:0px;--awb-border-radius-bottom-left:0px;--awb-background-color:#ffffff;--awb-flex-wrap:wrap;\" ><div class=\"fusion-builder-row fusion-row fusion-flex-align-items-flex-start fusion-flex-content-wrap\" style=\"max-width:1216.8px;margin-left: calc(-4% \/ 2 );margin-right: calc(-4% \/ 2 );\"><div class=\"fusion-layout-column fusion_builder_column fusion-builder-column-0 fusion_builder_column_1_1 1_1 fusion-flex-column\" style=\"--awb-bg-size:cover;--awb-width-large:100%;--awb-margin-top-large:20px;--awb-spacing-right-large:1.92%;--awb-margin-bottom-large:20px;--awb-spacing-left-large:1.92%;--awb-width-medium:100%;--awb-order-medium:0;--awb-spacing-right-medium:1.92%;--awb-spacing-left-medium:1.92%;--awb-width-small:100%;--awb-order-small:0;--awb-spacing-right-small:1.92%;--awb-spacing-left-small:1.92%;\" data-scroll-devices=\"small-visibility,medium-visibility,large-visibility\"><div class=\"fusion-column-wrapper fusion-column-has-shadow fusion-flex-justify-content-flex-start fusion-content-layout-column\"><div class=\"fusion-title title fusion-title-1 fusion-title-text fusion-title-size-one\" style=\"--awb-text-color:#057aba;--awb-margin-top-small:0px;--awb-margin-right-small:0px;--awb-margin-bottom-small:20px;--awb-margin-left-small:0px;\"><div class=\"title-sep-container title-sep-container-left fusion-no-large-visibility fusion-no-medium-visibility fusion-no-small-visibility\"><div class=\"title-sep sep- sep-solid\" style=\"border-color:#e0dede;\"><\/div><\/div><span class=\"awb-title-spacer fusion-no-large-visibility fusion-no-medium-visibility fusion-no-small-visibility\"><\/span><h1 class=\"fusion-title-heading title-heading-left fusion-responsive-typography-calculated\" style=\"margin:0;--fontSize:50;line-height:1;\"><h1><span style=\"color: #ffcc00;\">Ba\u00f1o de vapor de lujo para exteriores<\/span><\/h1><\/h1><span class=\"awb-title-spacer\"><\/span><div class=\"title-sep-container title-sep-container-right\"><div class=\"title-sep sep- sep-solid\" style=\"border-color:#e0dede;\"><\/div><\/div><\/div><div class=\"fusion-image-element \" style=\"--awb-caption-title-font-family:var(--h2_typography-font-family);--awb-caption-title-font-weight:var(--h2_typography-font-weight);--awb-caption-title-font-style:var(--h2_typography-font-style);--awb-caption-title-size:var(--h2_typography-font-size);--awb-caption-title-transform:var(--h2_typography-text-transform);--awb-caption-title-line-height:var(--h2_typography-line-height);--awb-caption-title-letter-spacing:var(--h2_typography-letter-spacing);\"><span class=\" fusion-imageframe imageframe-none imageframe-1 hover-type-none\"><a href=\"https:\/\/soleum.com\/wp-content\/uploads\/2024\/11\/IMG_6464.webp\" class=\"fusion-lightbox\" data-rel=\"iLightbox[d9d3f879329ed4a6d33]\" data-title=\"IMG_6464\" title=\"IMG_6464\"><img decoding=\"async\" width=\"2048\" height=\"1341\" alt=\"Ba\u00f1o de vapor de lujo en la zona exterior\" src=\"https:\/\/soleum.com\/wp-content\/uploads\/2024\/11\/IMG_6464.webp\" class=\"img-responsive wp-image-16959\" srcset=\"https:\/\/soleum.com\/wp-content\/uploads\/2024\/11\/IMG_6464-200x131.jpeg 200w, https:\/\/soleum.com\/wp-content\/uploads\/2024\/11\/IMG_6464-400x262.jpeg 400w, https:\/\/soleum.com\/wp-content\/uploads\/2024\/11\/IMG_6464-600x393.jpeg 600w, https:\/\/soleum.com\/wp-content\/uploads\/2024\/11\/IMG_6464-800x524.jpeg 800w, https:\/\/soleum.com\/wp-content\/uploads\/2024\/11\/IMG_6464-1200x786.jpeg 1200w, https:\/\/soleum.com\/wp-content\/uploads\/2024\/11\/IMG_6464.webp 2048w\" sizes=\"(max-width: 1500px) 100vw, (max-width: 640px) 100vw, 1200px\" title=\"\"><\/a><\/span><\/div><div class=\"fusion-text fusion-text-1\"><h1><span style=\"font-weight: 400;\">Exclusivo ba\u00f1o de vapor de lujo SOLEUM para exteriores: bienestar de primera clase para tu jard\u00edn<\/span><\/h1>\n<p><span style=\"font-weight: 400;\">Transforma tu lujoso jard\u00edn o zona de piscina en un para\u00edso de spa privado, con el exclusivo ba\u00f1o de vapor para exteriores de SOLEUM, fabricado a mano en la Alta Austria. Para los entendidos que desean combinar salud, dise\u00f1o y puro lujo, esta cabina de ba\u00f1o de vapor de dise\u00f1o para exteriores es el complemento perfecto para tu villa con piscina o tu jard\u00edn de lujo. <\/span><\/p>\n<h2><span style=\"font-weight: 400;\">Un lugar para relajarse &#8211; todo el a\u00f1o y con estilo<\/span><\/h2>\n<p><span style=\"font-weight: 400;\">Este ba\u00f1o de vapor exterior de primera calidad no s\u00f3lo ofrece inhalaci\u00f3n terap\u00e9utica de aire salino (nebulizaci\u00f3n de salmuera), sino tambi\u00e9n la opci\u00f3n de vapor caliente, ideal para desintoxicaci\u00f3n, fortalecimiento de las v\u00edas respiratorias y relajaci\u00f3n profunda. Toda la cabina funciona como un tepidarium, por lo que puedes disfrutar del agradable calor incluso en los d\u00edas m\u00e1s fr\u00edos o cuando llueve, tanto si est\u00e1s leyendo, meditando o simplemente contemplando tu jard\u00edn de ensue\u00f1o. <\/span><\/p>\n<h2><span style=\"font-weight: 400;\">El dise\u00f1o elegante se combina con materiales de alta calidad<\/span><\/h2>\n<p><span style=\"font-weight: 400;\">Acabada con mosaicos exclusivos de SICIS (opcionales) u otras superficies de primera calidad, tu cabina de ba\u00f1o turco ser\u00e1 un verdadero punto de atracci\u00f3n, una declaraci\u00f3n de dise\u00f1o de lujo atemporal. Las dos amplias zonas reclinables ofrecen espacio para hasta cuatro personas, mientras que los accesorios artesanales de acero inoxidable garantizan durabilidad y elegancia. <\/span><\/p>\n<h2><span style=\"font-weight: 400;\">Rituales de bienestar al m\u00e1s alto nivel<\/span><\/h2>\n<p><span style=\"font-weight: 400;\">&#8211; Inhalaci\u00f3n de aire salino (nebulizaci\u00f3n de salmuera) &#8211; para una salud respiratoria impresionante y una desintoxicaci\u00f3n natural<\/span><\/p>\n<p><span style=\"font-weight: 400;\">&#8211; Vapor caliente &#8211; para la relajaci\u00f3n muscular y el cuidado de la piel<\/span><\/p>\n<p><span style=\"font-weight: 400;\">&#8211; Aromaterapia: con bomba de fragancia para crear un ambiente de bienestar personalizado<\/span><\/p>\n<p><span style=\"font-weight: 400;\">&#8211; Terapia de luz de colores: programas de luz LED estimulantes o calmantes para cada estado de \u00e1nimo<\/span><\/p>\n<p><span style=\"font-weight: 400;\">&#8211; Ducha de mano &#8211; para enjuagarse despu\u00e9s de los tratamientos exfoliantes (por ejemplo, tratamientos con sal o t\u00e9) o para limpiar r\u00e1pidamente la cabina<\/span><\/p>\n<h2><span style=\"font-weight: 400;\">Controles intuitivos para la m\u00e1xima comodidad<\/span><\/h2>\n<p><span style=\"font-weight: 400;\">Puedes activarlo mediante el elegante bot\u00f3n de acero inoxidable que hay en su interior:<\/span><\/p>\n<p><span style=\"font-weight: 400;\">\u2714 Nebulizaci\u00f3n de salmuera &#8211; para una atm\u00f3sfera marina saludable<\/span><\/p>\n<p><span style=\"font-weight: 400;\">\u2714 Generador de vapor &#8211; para calor de acci\u00f3n profunda<\/span><\/p>\n<p><span style=\"font-weight: 400;\">\u2714 Bomba de fragancia &#8211; para fragancias personalizadas<\/span><\/p>\n<p><span style=\"font-weight: 400;\">\u2714 Luz que cambia de color &#8211; para una iluminaci\u00f3n atmosf\u00e9rica<\/span><\/p>\n<h3><span style=\"font-weight: 400;\">\u00bfPor qu\u00e9 SOLEUM?<\/span><\/h3>\n<p><span style=\"font-weight: 400;\">\u2705 Hecho a mano en Alta Austria &#8211; m\u00e1xima calidad y precisi\u00f3n<\/span><\/p>\n<p><span style=\"font-weight: 400;\">\u2705 Disfruta todo el a\u00f1o gracias al tepidarium climatizado<\/span><\/p>\n<p><span style=\"font-weight: 400;\">\u2705 Salud y lujo &#8211; aire salado, vapor, aromaterapia y dise\u00f1o de luz<\/span><\/p>\n<p><span style=\"font-weight: 400;\">\u2705 Dise\u00f1o exclusivo &#8211; opciones de dise\u00f1o individuales (por ejemplo, con mosaicos SICIS)<\/span><\/p>\n<p><span style=\"font-weight: 400;\">\u2705 Complemento perfecto para una piscina de lujo, una zona de spa o un jard\u00edn de alta gama<\/span><\/p>\n<p><span style=\"font-weight: 400;\">Experimenta el bienestar al m\u00e1s alto nivel, directamente en tu jard\u00edn.<\/span><\/p>\n<p><strong>SOLEUM &#8211; donde el lujo se une a la salud. \ud83c\udf3f\u2728 <\/strong><\/p>\n<p><br style=\"font-weight: 400;\"><br style=\"font-weight: 400;\"><\/p>\n<\/div><div class=\"fusion-separator fusion-full-width-sep\" style=\"align-self: center;margin-left: auto;margin-right: auto;margin-top:5px;margin-bottom:5px;width:100%;\"><\/div><div class=\"fusion-title title fusion-title-2 fusion-title-text fusion-title-size-one\" style=\"--awb-margin-top-small:0px;--awb-margin-right-small:0px;--awb-margin-bottom-small:20px;--awb-margin-left-small:0px;\"><div class=\"title-sep-container title-sep-container-left fusion-no-large-visibility fusion-no-medium-visibility fusion-no-small-visibility\"><div class=\"title-sep sep- sep-solid\" style=\"border-color:#e0dede;\"><\/div><\/div><span class=\"awb-title-spacer fusion-no-large-visibility fusion-no-medium-visibility fusion-no-small-visibility\"><\/span><h1 class=\"fusion-title-heading title-heading-left fusion-responsive-typography-calculated\" style=\"margin:0;--fontSize:50;line-height:1;\">Espacio para 4 personas<\/h1><span class=\"awb-title-spacer\"><\/span><div class=\"title-sep-container title-sep-container-right\"><div class=\"title-sep sep- sep-solid\" style=\"border-color:#e0dede;\"><\/div><\/div><\/div><div class=\"awb-gallery-wrapper awb-gallery-wrapper-1 button-span-no\" style=\"--more-btn-alignment:center;\"><div style=\"margin:-5px;--awb-bordersize:0px;\" class=\"fusion-gallery fusion-gallery-container fusion-grid-3 fusion-columns-total-14 fusion-gallery-layout-masonry fusion-gallery-1\"><div class=\"fusion-grid-column fusion-gallery-column fusion-gallery-column-3 hover-type-none fusion-grid-sizer\"><\/div><div style=\"padding:5px;\" class=\"fusion-grid-column fusion-gallery-column fusion-gallery-column-3 hover-type-none fusion-element-landscape\"><div class=\"fusion-gallery-image\"><a href=\"https:\/\/soleum.com\/wp-content\/uploads\/2024\/11\/Luxus-Dampfbad-Aussenbereich_11.webp\" rel=\"noreferrer\" data-rel=\"iLightbox[gallery_image_1]\" class=\"fusion-lightbox\" target=\"_self\"><div style=\"background-image:url(https:\/\/soleum.com\/wp-content\/uploads\/2024\/11\/Luxus-Dampfbad-Aussenbereich_11.webp);padding-top:calc((100% + 10px) * 0.4 - 5px);background-position:;\" class=\"fusion-masonry-element-container\"><img decoding=\"async\" src=\"https:\/\/soleum.com\/wp-content\/uploads\/2024\/11\/Luxus-Dampfbad-Aussenbereich_11.webp\" width=\"900\" height=\"675\" alt=\"Ba\u00f1o de vapor de lujo en la zona exterior\" title=\"Ba\u00f1o de vapor de lujo en la zona exterior_11\" aria-label=\"Ba\u00f1o de vapor de lujo en la zona exterior_11\" class=\"img-responsive wp-image-16927\" srcset=\"https:\/\/soleum.com\/wp-content\/uploads\/2024\/11\/Luxus-Dampfbad-Aussenbereich_11-200x150.jpg 200w, https:\/\/soleum.com\/wp-content\/uploads\/2024\/11\/Luxus-Dampfbad-Aussenbereich_11-400x300.jpg 400w, https:\/\/soleum.com\/wp-content\/uploads\/2024\/11\/Luxus-Dampfbad-Aussenbereich_11-600x450.jpg 600w, https:\/\/soleum.com\/wp-content\/uploads\/2024\/11\/Luxus-Dampfbad-Aussenbereich_11-800x600.jpg 800w, https:\/\/soleum.com\/wp-content\/uploads\/2024\/11\/Luxus-Dampfbad-Aussenbereich_11.webp 900w\" sizes=\"(min-width: 2200px) 100vw, (min-width: 640px) 1170px, \" \/><\/div><\/a><\/div><\/div><div style=\"padding:5px;\" class=\"fusion-grid-column fusion-gallery-column fusion-gallery-column-3 hover-type-none fusion-element-portrait\"><div class=\"fusion-gallery-image\"><a href=\"https:\/\/soleum.com\/wp-content\/uploads\/2024\/11\/Luxus-Dampfbad-Aussenbereich_10.webp\" rel=\"noreferrer\" data-rel=\"iLightbox[gallery_image_1]\" class=\"fusion-lightbox\" target=\"_self\"><div style=\"background-image:url(https:\/\/soleum.com\/wp-content\/uploads\/2024\/11\/Luxus-Dampfbad-Aussenbereich_10.webp);padding-top:calc((100% + 10px) * 1.6);background-position:;\" class=\"fusion-masonry-element-container\"><img decoding=\"async\" src=\"https:\/\/soleum.com\/wp-content\/uploads\/2024\/11\/Luxus-Dampfbad-Aussenbereich_10.webp\" width=\"675\" height=\"900\" alt=\"Ba\u00f1o de vapor de lujo para exteriores\" title=\"Ba\u00f1o de vapor de lujo en la zona exterior_10\" aria-label=\"Ba\u00f1o de vapor de lujo en la zona exterior_10\" class=\"img-responsive wp-image-16914\" srcset=\"https:\/\/soleum.com\/wp-content\/uploads\/2024\/11\/Luxus-Dampfbad-Aussenbereich_10-200x267.jpg 200w, https:\/\/soleum.com\/wp-content\/uploads\/2024\/11\/Luxus-Dampfbad-Aussenbereich_10-400x533.jpg 400w, https:\/\/soleum.com\/wp-content\/uploads\/2024\/11\/Luxus-Dampfbad-Aussenbereich_10-600x800.jpg 600w, https:\/\/soleum.com\/wp-content\/uploads\/2024\/11\/Luxus-Dampfbad-Aussenbereich_10.webp 675w\" sizes=\"(min-width: 2200px) 100vw, (min-width: 782px) 387px, (min-width: 711px) 580px, (min-width: 640px) 711px, \" \/><\/div><\/a><\/div><\/div><div style=\"padding:5px;\" class=\"fusion-grid-column fusion-gallery-column fusion-gallery-column-3 hover-type-none fusion-element-portrait\"><div class=\"fusion-gallery-image\"><a href=\"https:\/\/soleum.com\/wp-content\/uploads\/2024\/11\/Luxus-Dampfbad-Aussenbereich_9.webp\" rel=\"noreferrer\" data-rel=\"iLightbox[gallery_image_1]\" class=\"fusion-lightbox\" target=\"_self\"><div style=\"background-image:url(https:\/\/soleum.com\/wp-content\/uploads\/2024\/11\/Luxus-Dampfbad-Aussenbereich_9.webp);padding-top:calc((100% + 10px) * 1.6);background-position:;\" class=\"fusion-masonry-element-container\"><img decoding=\"async\" src=\"https:\/\/soleum.com\/wp-content\/uploads\/2024\/11\/Luxus-Dampfbad-Aussenbereich_9.webp\" width=\"675\" height=\"900\" alt=\"Ba\u00f1o de vapor de lujo para exteriores\" title=\"Ba\u00f1o de vapor de lujo en la zona exterior_9\" aria-label=\"Ba\u00f1o de vapor de lujo en la zona exterior_9\" class=\"img-responsive wp-image-16901\" srcset=\"https:\/\/soleum.com\/wp-content\/uploads\/2024\/11\/Luxus-Dampfbad-Aussenbereich_9-200x267.jpg 200w, https:\/\/soleum.com\/wp-content\/uploads\/2024\/11\/Luxus-Dampfbad-Aussenbereich_9-400x533.jpg 400w, https:\/\/soleum.com\/wp-content\/uploads\/2024\/11\/Luxus-Dampfbad-Aussenbereich_9-600x800.jpg 600w, https:\/\/soleum.com\/wp-content\/uploads\/2024\/11\/Luxus-Dampfbad-Aussenbereich_9.webp 675w\" sizes=\"(min-width: 2200px) 100vw, (min-width: 782px) 387px, (min-width: 711px) 580px, (min-width: 640px) 711px, \" \/><\/div><\/a><\/div><\/div><div style=\"padding:5px;\" class=\"fusion-grid-column fusion-gallery-column fusion-gallery-column-3 hover-type-none fusion-element-landscape\"><div class=\"fusion-gallery-image\"><a href=\"https:\/\/soleum.com\/wp-content\/uploads\/2024\/11\/Luxus-Dampfbad-Aussenbereich_8.webp\" rel=\"noreferrer\" data-rel=\"iLightbox[gallery_image_1]\" class=\"fusion-lightbox\" target=\"_self\"><div style=\"background-image:url(https:\/\/soleum.com\/wp-content\/uploads\/2024\/11\/Luxus-Dampfbad-Aussenbereich_8.webp);padding-top:calc((100% + 10px) * 0.4 - 5px);background-position:;\" class=\"fusion-masonry-element-container\"><img decoding=\"async\" src=\"https:\/\/soleum.com\/wp-content\/uploads\/2024\/11\/Luxus-Dampfbad-Aussenbereich_8.webp\" width=\"900\" height=\"675\" alt=\"\" title=\"Ba\u00f1o de vapor de lujo en la zona exterior_8\" aria-label=\"Ba\u00f1o de vapor de lujo en la zona exterior_8\" class=\"img-responsive wp-image-16888\" srcset=\"https:\/\/soleum.com\/wp-content\/uploads\/2024\/11\/Luxus-Dampfbad-Aussenbereich_8-200x150.jpg 200w, https:\/\/soleum.com\/wp-content\/uploads\/2024\/11\/Luxus-Dampfbad-Aussenbereich_8-400x300.jpg 400w, https:\/\/soleum.com\/wp-content\/uploads\/2024\/11\/Luxus-Dampfbad-Aussenbereich_8-600x450.jpg 600w, https:\/\/soleum.com\/wp-content\/uploads\/2024\/11\/Luxus-Dampfbad-Aussenbereich_8-800x600.jpg 800w, https:\/\/soleum.com\/wp-content\/uploads\/2024\/11\/Luxus-Dampfbad-Aussenbereich_8.webp 900w\" sizes=\"(min-width: 2200px) 100vw, (min-width: 640px) 1170px, \"><\/div><\/a><\/div><\/div><div style=\"padding:5px;\" class=\"fusion-grid-column fusion-gallery-column fusion-gallery-column-3 hover-type-none fusion-element-landscape\"><div class=\"fusion-gallery-image\"><a href=\"https:\/\/soleum.com\/wp-content\/uploads\/2024\/11\/Luxus-Dampfbad-Aussenbereich_7.webp\" rel=\"noreferrer\" data-rel=\"iLightbox[gallery_image_1]\" class=\"fusion-lightbox\" target=\"_self\"><div style=\"background-image:url(https:\/\/soleum.com\/wp-content\/uploads\/2024\/11\/Luxus-Dampfbad-Aussenbereich_7.webp);padding-top:calc((100% + 10px) * 0.4 - 5px);background-position:;\" class=\"fusion-masonry-element-container\"><img decoding=\"async\" src=\"https:\/\/soleum.com\/wp-content\/uploads\/2024\/11\/Luxus-Dampfbad-Aussenbereich_7.webp\" width=\"900\" height=\"675\" alt=\"Ba\u00f1o de vapor de lujo en el jard\u00edn\" title=\"Ba\u00f1o de vapor de lujo en la zona exterior_7\" aria-label=\"Ba\u00f1o de vapor de lujo en la zona exterior_7\" class=\"img-responsive wp-image-16875\" srcset=\"https:\/\/soleum.com\/wp-content\/uploads\/2024\/11\/Luxus-Dampfbad-Aussenbereich_7-200x150.jpg 200w, https:\/\/soleum.com\/wp-content\/uploads\/2024\/11\/Luxus-Dampfbad-Aussenbereich_7-400x300.jpg 400w, https:\/\/soleum.com\/wp-content\/uploads\/2024\/11\/Luxus-Dampfbad-Aussenbereich_7-600x450.jpg 600w, https:\/\/soleum.com\/wp-content\/uploads\/2024\/11\/Luxus-Dampfbad-Aussenbereich_7-800x600.jpg 800w, https:\/\/soleum.com\/wp-content\/uploads\/2024\/11\/Luxus-Dampfbad-Aussenbereich_7.webp 900w\" sizes=\"(min-width: 2200px) 100vw, (min-width: 640px) 1170px, \" \/><\/div><\/a><\/div><\/div><div style=\"padding:5px;\" class=\"fusion-grid-column fusion-gallery-column fusion-gallery-column-3 hover-type-none fusion-element-landscape\"><div class=\"fusion-gallery-image\"><a href=\"https:\/\/soleum.com\/wp-content\/uploads\/2024\/11\/Luxus-Dampfbad-Aussenbereich_5.webp\" rel=\"noreferrer\" data-rel=\"iLightbox[gallery_image_1]\" class=\"fusion-lightbox\" target=\"_self\"><div style=\"background-image:url(https:\/\/soleum.com\/wp-content\/uploads\/2024\/11\/Luxus-Dampfbad-Aussenbereich_5.webp);padding-top:calc((100% + 10px) * 0.4 - 5px);background-position:;\" class=\"fusion-masonry-element-container\"><img decoding=\"async\" src=\"https:\/\/soleum.com\/wp-content\/uploads\/2024\/11\/Luxus-Dampfbad-Aussenbereich_5.webp\" width=\"900\" height=\"675\" alt=\"Ba\u00f1o de vapor de lujo en el jard\u00edn\" title=\"Ba\u00f1o de vapor de lujo en la zona exterior_5\" aria-label=\"Ba\u00f1o de vapor de lujo en la zona exterior_5\" class=\"img-responsive wp-image-16862\" srcset=\"https:\/\/soleum.com\/wp-content\/uploads\/2024\/11\/Luxus-Dampfbad-Aussenbereich_5-200x150.jpg 200w, https:\/\/soleum.com\/wp-content\/uploads\/2024\/11\/Luxus-Dampfbad-Aussenbereich_5-400x300.jpg 400w, https:\/\/soleum.com\/wp-content\/uploads\/2024\/11\/Luxus-Dampfbad-Aussenbereich_5-600x450.jpg 600w, https:\/\/soleum.com\/wp-content\/uploads\/2024\/11\/Luxus-Dampfbad-Aussenbereich_5-800x600.jpg 800w, https:\/\/soleum.com\/wp-content\/uploads\/2024\/11\/Luxus-Dampfbad-Aussenbereich_5.webp 900w\" sizes=\"(min-width: 2200px) 100vw, (min-width: 640px) 1170px, \" \/><\/div><\/a><\/div><\/div><div style=\"padding:5px;\" class=\"fusion-grid-column fusion-gallery-column fusion-gallery-column-3 hover-type-none fusion-element-landscape\"><div class=\"fusion-gallery-image\"><a href=\"https:\/\/soleum.com\/wp-content\/uploads\/2024\/11\/Luxus-Dampfbad-Aussenbereich_4.webp\" rel=\"noreferrer\" data-rel=\"iLightbox[gallery_image_1]\" class=\"fusion-lightbox\" target=\"_self\"><div style=\"background-image:url(https:\/\/soleum.com\/wp-content\/uploads\/2024\/11\/Luxus-Dampfbad-Aussenbereich_4.webp);padding-top:calc((100% + 10px) * 0.4 - 5px);background-position:;\" class=\"fusion-masonry-element-container\"><img decoding=\"async\" src=\"https:\/\/soleum.com\/wp-content\/uploads\/2024\/11\/Luxus-Dampfbad-Aussenbereich_4.webp\" width=\"900\" height=\"675\" alt=\"Ba\u00f1o de vapor de lujo en la terraza con Mosaico SICIS\" title=\"Ba\u00f1o de vapor de lujo en la zona exterior_4\" aria-label=\"Ba\u00f1o de vapor de lujo en la zona exterior_4\" class=\"img-responsive wp-image-16849\" srcset=\"https:\/\/soleum.com\/wp-content\/uploads\/2024\/11\/Luxus-Dampfbad-Aussenbereich_4-200x150.jpg 200w, https:\/\/soleum.com\/wp-content\/uploads\/2024\/11\/Luxus-Dampfbad-Aussenbereich_4-400x300.jpg 400w, https:\/\/soleum.com\/wp-content\/uploads\/2024\/11\/Luxus-Dampfbad-Aussenbereich_4-600x450.jpg 600w, https:\/\/soleum.com\/wp-content\/uploads\/2024\/11\/Luxus-Dampfbad-Aussenbereich_4-800x600.jpg 800w, https:\/\/soleum.com\/wp-content\/uploads\/2024\/11\/Luxus-Dampfbad-Aussenbereich_4.webp 900w\" sizes=\"(min-width: 2200px) 100vw, (min-width: 640px) 1170px, \" \/><\/div><\/a><\/div><\/div><div style=\"padding:5px;\" class=\"fusion-grid-column fusion-gallery-column fusion-gallery-column-3 hover-type-none fusion-element-portrait\"><div class=\"fusion-gallery-image\"><a href=\"https:\/\/soleum.com\/wp-content\/uploads\/2024\/11\/Luxus-Dampfbad-Aussenbereich_3.webp\" rel=\"noreferrer\" data-rel=\"iLightbox[gallery_image_1]\" class=\"fusion-lightbox\" target=\"_self\"><div style=\"background-image:url(https:\/\/soleum.com\/wp-content\/uploads\/2024\/11\/Luxus-Dampfbad-Aussenbereich_3.webp);padding-top:calc((100% + 10px) * 1.6);background-position:;\" class=\"fusion-masonry-element-container\"><img decoding=\"async\" src=\"https:\/\/soleum.com\/wp-content\/uploads\/2024\/11\/Luxus-Dampfbad-Aussenbereich_3.webp\" width=\"675\" height=\"900\" alt=\"Ba\u00f1o de vapor de lujo para el jard\u00edn y en la terraza con Mosaico SICIS\" title=\"Ba\u00f1o de vapor de lujo en la zona exterior_3\" aria-label=\"Ba\u00f1o de vapor de lujo en la zona exterior_3\" class=\"img-responsive wp-image-16836\" srcset=\"https:\/\/soleum.com\/wp-content\/uploads\/2024\/11\/Luxus-Dampfbad-Aussenbereich_3-200x267.jpg 200w, https:\/\/soleum.com\/wp-content\/uploads\/2024\/11\/Luxus-Dampfbad-Aussenbereich_3-400x533.jpg 400w, https:\/\/soleum.com\/wp-content\/uploads\/2024\/11\/Luxus-Dampfbad-Aussenbereich_3-600x800.jpg 600w, https:\/\/soleum.com\/wp-content\/uploads\/2024\/11\/Luxus-Dampfbad-Aussenbereich_3.webp 675w\" sizes=\"(min-width: 2200px) 100vw, (min-width: 782px) 387px, (min-width: 711px) 580px, (min-width: 640px) 711px, \" \/><\/div><\/a><\/div><\/div><div style=\"padding:5px;\" class=\"fusion-grid-column fusion-gallery-column fusion-gallery-column-3 hover-type-none fusion-element-landscape\"><div class=\"fusion-gallery-image\"><a href=\"https:\/\/soleum.com\/wp-content\/uploads\/2024\/11\/Luxus-Dampfbad-Aussenbereich_2.webp\" rel=\"noreferrer\" data-rel=\"iLightbox[gallery_image_1]\" class=\"fusion-lightbox\" target=\"_self\"><div style=\"background-image:url(https:\/\/soleum.com\/wp-content\/uploads\/2024\/11\/Luxus-Dampfbad-Aussenbereich_2.webp);padding-top:calc((100% + 10px) * 0.4 - 5px);background-position:;\" class=\"fusion-masonry-element-container\"><img decoding=\"async\" src=\"https:\/\/soleum.com\/wp-content\/uploads\/2024\/11\/Luxus-Dampfbad-Aussenbereich_2.webp\" width=\"900\" height=\"675\" alt=\"Ba\u00f1o de vapor de lujo en la terraza con Mosaico SICIS\" title=\"Ba\u00f1o de vapor de lujo en la zona exterior_2\" aria-label=\"Ba\u00f1o de vapor de lujo en la zona exterior_2\" class=\"img-responsive wp-image-16823\" srcset=\"https:\/\/soleum.com\/wp-content\/uploads\/2024\/11\/Luxus-Dampfbad-Aussenbereich_2-200x150.jpg 200w, https:\/\/soleum.com\/wp-content\/uploads\/2024\/11\/Luxus-Dampfbad-Aussenbereich_2-400x300.jpg 400w, https:\/\/soleum.com\/wp-content\/uploads\/2024\/11\/Luxus-Dampfbad-Aussenbereich_2-600x450.jpg 600w, https:\/\/soleum.com\/wp-content\/uploads\/2024\/11\/Luxus-Dampfbad-Aussenbereich_2-800x600.jpg 800w, https:\/\/soleum.com\/wp-content\/uploads\/2024\/11\/Luxus-Dampfbad-Aussenbereich_2.webp 900w\" sizes=\"(min-width: 2200px) 100vw, (min-width: 640px) 1170px, \" \/><\/div><\/a><\/div><\/div><div style=\"padding:5px;\" class=\"fusion-grid-column fusion-gallery-column fusion-gallery-column-3 hover-type-none fusion-element-landscape\"><div class=\"fusion-gallery-image\"><a href=\"https:\/\/soleum.com\/wp-content\/uploads\/2024\/11\/Luxus-Dampfbad-Aussenbereich_1.webp\" rel=\"noreferrer\" data-rel=\"iLightbox[gallery_image_1]\" class=\"fusion-lightbox\" target=\"_self\"><div style=\"background-image:url(https:\/\/soleum.com\/wp-content\/uploads\/2024\/11\/Luxus-Dampfbad-Aussenbereich_1.webp);padding-top:calc((100% + 10px) * 0.4 - 5px);background-position:;\" class=\"fusion-masonry-element-container\"><img decoding=\"async\" src=\"https:\/\/soleum.com\/wp-content\/uploads\/2024\/11\/Luxus-Dampfbad-Aussenbereich_1.webp\" width=\"900\" height=\"675\" alt=\"Ba\u00f1o de vapor de lujo en la terraza con Mosaico SICIS\" title=\"Ba\u00f1o turco de lujo zona exterior_1\" aria-label=\"Ba\u00f1o turco de lujo zona exterior_1\" class=\"img-responsive wp-image-16810\" srcset=\"https:\/\/soleum.com\/wp-content\/uploads\/2024\/11\/Luxus-Dampfbad-Aussenbereich_1-200x150.jpg 200w, https:\/\/soleum.com\/wp-content\/uploads\/2024\/11\/Luxus-Dampfbad-Aussenbereich_1-400x300.jpg 400w, https:\/\/soleum.com\/wp-content\/uploads\/2024\/11\/Luxus-Dampfbad-Aussenbereich_1-600x450.jpg 600w, https:\/\/soleum.com\/wp-content\/uploads\/2024\/11\/Luxus-Dampfbad-Aussenbereich_1-800x600.jpg 800w, https:\/\/soleum.com\/wp-content\/uploads\/2024\/11\/Luxus-Dampfbad-Aussenbereich_1.webp 900w\" sizes=\"(min-width: 2200px) 100vw, (min-width: 640px) 1170px, \" \/><\/div><\/a><\/div><\/div><div style=\"padding:5px;\" class=\"fusion-grid-column fusion-gallery-column fusion-gallery-column-3 hover-type-none fusion-element-landscape\"><div class=\"fusion-gallery-image\"><a href=\"https:\/\/soleum.com\/wp-content\/uploads\/2024\/11\/Luxus-Dampfbad-Aussenbereich_15.webp\" rel=\"noreferrer\" data-rel=\"iLightbox[gallery_image_1]\" class=\"fusion-lightbox\" target=\"_self\"><div style=\"background-image:url(https:\/\/soleum.com\/wp-content\/uploads\/2024\/11\/Luxus-Dampfbad-Aussenbereich_15.webp);padding-top:calc((100% + 10px) * 0.4 - 5px);background-position:;\" class=\"fusion-masonry-element-container\"><img decoding=\"async\" src=\"https:\/\/soleum.com\/wp-content\/uploads\/2024\/11\/Luxus-Dampfbad-Aussenbereich_15.webp\" width=\"900\" height=\"675\" alt=\"Ba\u00f1o de vapor de lujo en la terraza con Mosaico SICIS\" title=\"Ba\u00f1o de vapor de lujo en la zona exterior_15\" aria-label=\"Ba\u00f1o de vapor de lujo en la zona exterior_15\" class=\"img-responsive wp-image-16797\" srcset=\"https:\/\/soleum.com\/wp-content\/uploads\/2024\/11\/Luxus-Dampfbad-Aussenbereich_15-200x150.jpg 200w, https:\/\/soleum.com\/wp-content\/uploads\/2024\/11\/Luxus-Dampfbad-Aussenbereich_15-400x300.jpg 400w, https:\/\/soleum.com\/wp-content\/uploads\/2024\/11\/Luxus-Dampfbad-Aussenbereich_15-600x450.jpg 600w, https:\/\/soleum.com\/wp-content\/uploads\/2024\/11\/Luxus-Dampfbad-Aussenbereich_15-800x600.jpg 800w, https:\/\/soleum.com\/wp-content\/uploads\/2024\/11\/Luxus-Dampfbad-Aussenbereich_15.webp 900w\" sizes=\"(min-width: 2200px) 100vw, (min-width: 640px) 1170px, \" \/><\/div><\/a><\/div><\/div><div style=\"padding:5px;\" class=\"fusion-grid-column fusion-gallery-column fusion-gallery-column-3 hover-type-none fusion-element-landscape\"><div class=\"fusion-gallery-image\"><a href=\"https:\/\/soleum.com\/wp-content\/uploads\/2024\/11\/Luxus-Dampfbad-Aussenbereich_14.webp\" rel=\"noreferrer\" data-rel=\"iLightbox[gallery_image_1]\" class=\"fusion-lightbox\" target=\"_self\"><div style=\"background-image:url(https:\/\/soleum.com\/wp-content\/uploads\/2024\/11\/Luxus-Dampfbad-Aussenbereich_14.webp);padding-top:calc((100% + 10px) * 0.4 - 5px);background-position:;\" class=\"fusion-masonry-element-container\"><img decoding=\"async\" src=\"https:\/\/soleum.com\/wp-content\/uploads\/2024\/11\/Luxus-Dampfbad-Aussenbereich_14.webp\" width=\"900\" height=\"675\" alt=\"Ba\u00f1o de vapor de lujo en la zona exterior\" title=\"Ba\u00f1o turco de lujo zona exterior_14\" aria-label=\"Ba\u00f1o turco de lujo zona exterior_14\" class=\"img-responsive wp-image-16784\" srcset=\"https:\/\/soleum.com\/wp-content\/uploads\/2024\/11\/Luxus-Dampfbad-Aussenbereich_14-200x150.jpg 200w, https:\/\/soleum.com\/wp-content\/uploads\/2024\/11\/Luxus-Dampfbad-Aussenbereich_14-400x300.jpg 400w, https:\/\/soleum.com\/wp-content\/uploads\/2024\/11\/Luxus-Dampfbad-Aussenbereich_14-600x450.jpg 600w, https:\/\/soleum.com\/wp-content\/uploads\/2024\/11\/Luxus-Dampfbad-Aussenbereich_14-800x600.jpg 800w, https:\/\/soleum.com\/wp-content\/uploads\/2024\/11\/Luxus-Dampfbad-Aussenbereich_14.webp 900w\" sizes=\"(min-width: 2200px) 100vw, (min-width: 640px) 1170px, \" \/><\/div><\/a><\/div><\/div><div style=\"padding:5px;\" class=\"fusion-grid-column fusion-gallery-column fusion-gallery-column-3 hover-type-none fusion-element-portrait\"><div class=\"fusion-gallery-image\"><a href=\"https:\/\/soleum.com\/wp-content\/uploads\/2024\/11\/Luxus-Dampfbad-Aussenbereich_13.webp\" rel=\"noreferrer\" data-rel=\"iLightbox[gallery_image_1]\" class=\"fusion-lightbox\" target=\"_self\"><div style=\"background-image:url(https:\/\/soleum.com\/wp-content\/uploads\/2024\/11\/Luxus-Dampfbad-Aussenbereich_13.webp);padding-top:calc((100% + 10px) * 1.6);background-position:;\" class=\"fusion-masonry-element-container\"><img decoding=\"async\" src=\"https:\/\/soleum.com\/wp-content\/uploads\/2024\/11\/Luxus-Dampfbad-Aussenbereich_13.webp\" width=\"675\" height=\"900\" alt=\"Ba\u00f1o de vapor de lujo en la zona exterior\" title=\"Ba\u00f1o de vapor de lujo en la zona exterior_13\" aria-label=\"Ba\u00f1o de vapor de lujo en la zona exterior_13\" class=\"img-responsive wp-image-16771\" srcset=\"https:\/\/soleum.com\/wp-content\/uploads\/2024\/11\/Luxus-Dampfbad-Aussenbereich_13-200x267.jpg 200w, https:\/\/soleum.com\/wp-content\/uploads\/2024\/11\/Luxus-Dampfbad-Aussenbereich_13-400x533.jpg 400w, https:\/\/soleum.com\/wp-content\/uploads\/2024\/11\/Luxus-Dampfbad-Aussenbereich_13-600x800.jpg 600w, https:\/\/soleum.com\/wp-content\/uploads\/2024\/11\/Luxus-Dampfbad-Aussenbereich_13.webp 675w\" sizes=\"(min-width: 2200px) 100vw, (min-width: 782px) 387px, (min-width: 711px) 580px, (min-width: 640px) 711px, \" \/><\/div><\/a><\/div><\/div><div style=\"padding:5px;\" class=\"fusion-grid-column fusion-gallery-column fusion-gallery-column-3 hover-type-none fusion-element-portrait\"><div class=\"fusion-gallery-image\"><a href=\"https:\/\/soleum.com\/wp-content\/uploads\/2024\/11\/Luxus-Dampfbad-Aussenbereich_12.webp\" rel=\"noreferrer\" data-rel=\"iLightbox[gallery_image_1]\" class=\"fusion-lightbox\" target=\"_self\"><div style=\"background-image:url(https:\/\/soleum.com\/wp-content\/uploads\/2024\/11\/Luxus-Dampfbad-Aussenbereich_12.webp);padding-top:calc((100% + 10px) * 1.6);background-position:;\" class=\"fusion-masonry-element-container\"><img decoding=\"async\" src=\"https:\/\/soleum.com\/wp-content\/uploads\/2024\/11\/Luxus-Dampfbad-Aussenbereich_12.webp\" width=\"675\" height=\"900\" alt=\"Zona exterior de ba\u00f1o de vapor de lujo con Mosaico SICIS\" title=\"Ba\u00f1o de vapor de lujo en la zona exterior_12\" aria-label=\"Ba\u00f1o de vapor de lujo en la zona exterior_12\" class=\"img-responsive wp-image-16758\" srcset=\"https:\/\/soleum.com\/wp-content\/uploads\/2024\/11\/Luxus-Dampfbad-Aussenbereich_12-200x267.jpg 200w, https:\/\/soleum.com\/wp-content\/uploads\/2024\/11\/Luxus-Dampfbad-Aussenbereich_12-400x533.jpg 400w, https:\/\/soleum.com\/wp-content\/uploads\/2024\/11\/Luxus-Dampfbad-Aussenbereich_12-600x800.jpg 600w, https:\/\/soleum.com\/wp-content\/uploads\/2024\/11\/Luxus-Dampfbad-Aussenbereich_12.webp 675w\" sizes=\"(min-width: 2200px) 100vw, (min-width: 782px) 387px, (min-width: 711px) 580px, (min-width: 640px) 711px, \" \/><\/div><\/a><\/div><\/div><\/div><\/div><div class=\"fusion-text fusion-text-2\"><p>Esta cabina de ba\u00f1o de vapor exterior de dise\u00f1o ofrece un amplio espacio para 4 personas. Rel\u00e1jate en las dos c\u00f3modas tumbonas con una sesi\u00f3n de inhalaci\u00f3n de aire salado (nebulizaci\u00f3n de salmuera) con o sin vapor caliente. Toda la cabina es un tepidarium, para que puedas disfrutar del calor en d\u00edas lluviosos o m\u00e1s frescos, leer un libro o simplemente relajarte y contemplar el aire libre.  <\/p>\n<p>La teleducha integrada ofrece una opci\u00f3n de conexi\u00f3n para agua caliente y fr\u00eda. Si s\u00f3lo instalas agua fr\u00eda en la cabina, deber\u00e1s hacer que un fontanero conecte las dos conexiones. <\/p>\n<p>Puedes ducharte con la ducha de mano despu\u00e9s de exfoliaciones calmantes (por ejemplo, de sal). Sin embargo, su uso principal es aclarar\/limpiar regularmente la cabina despu\u00e9s de una inhalaci\u00f3n de sal o t\u00e9.<\/p>\n<\/div><\/div><\/div><div class=\"fusion-layout-column fusion_builder_column fusion-builder-column-1 fusion_builder_column_1_1 1_1 fusion-flex-column\" style=\"--awb-bg-size:cover;--awb-width-large:100%;--awb-margin-top-large:20px;--awb-spacing-right-large:1.92%;--awb-margin-bottom-large:20px;--awb-spacing-left-large:1.92%;--awb-width-medium:100%;--awb-order-medium:0;--awb-spacing-right-medium:1.92%;--awb-spacing-left-medium:1.92%;--awb-width-small:100%;--awb-order-small:0;--awb-spacing-right-small:1.92%;--awb-spacing-left-small:1.92%;\"><div class=\"fusion-column-wrapper fusion-column-has-shadow fusion-flex-justify-content-flex-start fusion-content-layout-column\"><div class=\"fusion-text fusion-text-3\"><h6><span style=\"font-weight: 400;\">#BienestarDeLujo #Ba\u00f1oDeVaporPremium #SOLEUM #VillasDeLujo #DisfrutarTodoElA\u00f1o #SpaAlAireLibre #MallorcaLuxury #MonacoLifestyle #InglaterraEstate #AlpineWellness #TerapiaDeAireSalado #WinterFriendly #ExclusiveDesign #MadeInAustria #PrivateSpa #LuxuryGarden #LuxuryLifestyle #UltimateLuxury #LuxuryLifestyle #Estilo de vida de alto nivel Estilo de vida de \u00e9lite Al aire libre de lujo Bienestar de lujo Jard\u00edn de lujo Estilo de vida VIP Estilo de vida millonario Escapada de lujo Vida exclusiva Juguetes para gente importante Cosas que la gente rica debe tener Lujo S\u00edmbolo de estatus Invertir en lujo Lujo para hombres Juguetes de alto nivel Adicci\u00f3n al lujo S\u00f3lo lo mejor #LuxuryObsession #Jard\u00ednDeSue\u00f1o #Jard\u00ednDeLujo #Jard\u00ednDeSue\u00f1o #OasisAlAire Libre #GardenGoals #LuxuryPoolside #VillaVibes #PrivateParadise #LuxuryOutdoorLiving #Jard\u00ednDeSue\u00f1os #LaSaludEsSalud #SaludDeLujo #BienestarPremium #Desintoxicaci\u00f3nDeLujo #TerapiaDeSal #Respiraci\u00f3nDeLujo #SpaEnCasa #BienestarParaLaElite #CuidadoDeLujo #Curaci\u00f3nEnElLujo #LujoTerap\u00e9utico #EstiloDeVidaDeLujo #JuguetesParaChicosGrandes #Jard\u00ednDeSue\u00f1os #LujoInteligente #BienestarDeLujo #LaSaludEsRiqueza #LujoParaTodoElTiempo #EstiloDeVidaVIP #Obsesi\u00f3nDeLujo #BienestarA Medida #VillaVibes #Salterapia #VivirAlAlT\u00e9rmino #OasisAlAire Libre #LujoDeBuenosAtributos<\/span><\/h6>\n<\/div><\/div><\/div><\/div><\/div><div class=\"fusion-fullwidth fullwidth-box fusion-builder-row-2 fusion-flex-container has-pattern-background has-mask-background nonhundred-percent-fullwidth non-hundred-percent-height-scrolling\" style=\"--awb-border-radius-top-left:0px;--awb-border-radius-top-right:0px;--awb-border-radius-bottom-right:0px;--awb-border-radius-bottom-left:0px;--awb-flex-wrap:wrap;\" ><div class=\"fusion-builder-row fusion-row fusion-flex-align-items-flex-start fusion-flex-content-wrap\" style=\"max-width:1216.8px;margin-left: calc(-4% \/ 2 );margin-right: calc(-4% \/ 2 );\"><div class=\"fusion-layout-column fusion_builder_column fusion-builder-column-2 fusion_builder_column_1_1 1_1 fusion-flex-column\" style=\"--awb-bg-size:cover;--awb-width-large:100%;--awb-margin-top-large:20px;--awb-spacing-right-large:1.92%;--awb-margin-bottom-large:20px;--awb-spacing-left-large:1.92%;--awb-width-medium:100%;--awb-order-medium:0;--awb-spacing-right-medium:1.92%;--awb-spacing-left-medium:1.92%;--awb-width-small:100%;--awb-order-small:0;--awb-spacing-right-small:1.92%;--awb-spacing-left-small:1.92%;\"><div class=\"fusion-column-wrapper fusion-column-has-shadow fusion-flex-justify-content-flex-start fusion-content-layout-column\"><div class=\"fusion-text fusion-text-4\" style=\"--awb-font-size:20px;--awb-text-font-family:&quot;Inter&quot;;--awb-text-font-style:normal;--awb-text-font-weight:200;\"><div class=\"fusi\u00f3n-texto fusi\u00f3n-texto-18\">\n<h2 class=\"\" data-fontsize=\"50\" data-lineheight=\"50px\">Producimos tres cabinas de clima marino y ba\u00f1os de vapor para uso al aire libre<\/h2>\n<\/div>\n<div class=\"fusi\u00f3n-texto fusi\u00f3n-texto-19\">\n<h2 class=\"\" data-fontsize=\"30\" data-lineheight=\"33px\"><a href=\"https:\/\/soleum.com\/es\/productos\/bano-de-vapor-al-aire-libr\/\">OMEGA<\/a>, <a href=\"https:\/\/soleum.com\/es\/productos\/sauna-exterior-do-vapor-egg\/\">EGG<\/a> y <a href=\"https:\/\/soleum.com\/es\/productos\/camara-de-clima-marino-ellipse\/\">ELIPSE<\/a><\/h2>\n<\/div>\n<div class=\"texto-fusi\u00f3n fusi\u00f3n-texto-20\">\n<p>Puedes elegir entre tres cabinas clim\u00e1ticas marinas diferentes, como OMEGA, EGG y ELLIPSE. Cada una de las caba\u00f1as tiene capacidad para un m\u00e1ximo de 4 personas. Se diferencian en dise\u00f1o y comodidad. OMEGA y EGG son similares, pero nuestro SOLEUM EGG impresiona con la imponente forma grande de un huevo. El ELLIPSE es el ba\u00f1o de vapor al aire libre m\u00e1s espacioso, ofrece dos tumbonas t\u00e9rmicas y asientos de confort y, por lo tanto, la m\u00e1xima relajaci\u00f3n al inhalar y sudar.<\/p>\n<p>Para personas exigentes y para la industria hotelera de lujo, ofrecemos exclusivas tumbonas con calefacci\u00f3n como complemento a los ba\u00f1os de vapor al aire libre <a href=\"https:\/\/soleum.com\/es\/tumbonas-calefactables\/\" target=\"_blank\" rel=\"noopener\">TUMBONAS CALEFACTORAS<\/a> de SOLEUM. Tambi\u00e9n le ofrecemos un concepto de SPA completamente nuevo: <a href=\"https:\/\/soleum.com\/es\/produkte\/concepto-de-spa-de-lujo-para-disenadores-de-spa\/\" target=\"_blank\" rel=\"noopener noreferrer\"> Tumbonas calefactables con fuego 3D<\/a><\/p>\n<\/div>\n<\/div><\/div><\/div><\/div><\/div>\n<div class=\"fusion-fullwidth fullwidth-box fusion-builder-row-3 fusion-flex-container has-pattern-background has-mask-background nonhundred-percent-fullwidth non-hundred-percent-height-scrolling\" style=\"--awb-border-radius-top-left:0px;--awb-border-radius-top-right:0px;--awb-border-radius-bottom-right:0px;--awb-border-radius-bottom-left:0px;--awb-flex-wrap:wrap;\" ><div class=\"fusion-builder-row fusion-row fusion-flex-align-items-flex-start fusion-flex-content-wrap\" style=\"max-width:1216.8px;margin-left: calc(-4% \/ 2 );margin-right: calc(-4% \/ 2 );\"><div class=\"fusion-layout-column fusion_builder_column fusion-builder-column-3 fusion_builder_column_1_1 1_1 fusion-flex-column\" style=\"--awb-bg-size:cover;--awb-width-large:100%;--awb-margin-top-large:20px;--awb-spacing-right-large:1.92%;--awb-margin-bottom-large:20px;--awb-spacing-left-large:1.92%;--awb-width-medium:100%;--awb-order-medium:0;--awb-spacing-right-medium:1.92%;--awb-spacing-left-medium:1.92%;--awb-width-small:100%;--awb-order-small:0;--awb-spacing-right-small:1.92%;--awb-spacing-left-small:1.92%;\"><div class=\"fusion-column-wrapper fusion-column-has-shadow fusion-flex-justify-content-flex-start fusion-content-layout-column\"><div class=\"fusion-text fusion-text-5\"><p>Tambi\u00e9n recomendamos a los clientes e interesados \u200b\u200bde Alemania y Austria que visiten nuestros sitios web: SOLEUM Alemania y SOLEUM Austria.<\/p>\n<\/div><\/div><\/div><div class=\"fusion-layout-column fusion_builder_column fusion-builder-column-4 fusion_builder_column_1_3 1_3 fusion-flex-column\" style=\"--awb-bg-size:cover;--awb-width-large:33.333333333333%;--awb-margin-top-large:20px;--awb-spacing-right-large:5.76%;--awb-margin-bottom-large:20px;--awb-spacing-left-large:5.76%;--awb-width-medium:100%;--awb-order-medium:0;--awb-spacing-right-medium:1.92%;--awb-spacing-left-medium:1.92%;--awb-width-small:100%;--awb-order-small:0;--awb-spacing-right-small:1.92%;--awb-spacing-left-small:1.92%;\"><div class=\"fusion-column-wrapper fusion-column-has-shadow fusion-flex-justify-content-flex-start fusion-content-layout-column\"><div class=\"fusion-text fusion-text-6\"><p><a href=\"https:\/\/www.soleum.de\/\" target=\"_blank\" rel=\"noopener\"> SOLEUM ALEMANIA Construcci\u00f3n de ba\u00f1os de vapor <\/a><\/p>\n<\/div><div class=\"fusion-image-element \" style=\"--awb-caption-title-font-family:var(--h2_typography-font-family);--awb-caption-title-font-weight:var(--h2_typography-font-weight);--awb-caption-title-font-style:var(--h2_typography-font-style);--awb-caption-title-size:var(--h2_typography-font-size);--awb-caption-title-transform:var(--h2_typography-text-transform);--awb-caption-title-line-height:var(--h2_typography-line-height);--awb-caption-title-letter-spacing:var(--h2_typography-letter-spacing);\"><span class=\" fusion-imageframe imageframe-none imageframe-2 hover-type-none\"><a class=\"fusion-no-lightbox\" href=\"https:\/\/www.soleum.de\/\" target=\"_blank\" aria-label=\"SOLEUM-Deutschland\" rel=\"noopener noreferrer\"><img decoding=\"async\" width=\"600\" height=\"360\" alt=\"SOLEUM Alemania\" src=\"https:\/\/soleum.com\/wp-content\/uploads\/2023\/08\/SOLEUM-Deutschland.webp\" class=\"img-responsive wp-image-14607\" srcset=\"https:\/\/soleum.com\/wp-content\/uploads\/2023\/08\/SOLEUM-Deutschland-200x120.jpg 200w, https:\/\/soleum.com\/wp-content\/uploads\/2023\/08\/SOLEUM-Deutschland-400x240.jpg 400w, https:\/\/soleum.com\/wp-content\/uploads\/2023\/08\/SOLEUM-Deutschland.webp 600w\" sizes=\"(max-width: 1500px) 100vw, (max-width: 640px) 100vw, 400px\" title=\"\"><\/a><\/span><\/div><\/div><\/div><div class=\"fusion-layout-column fusion_builder_column fusion-builder-column-5 fusion_builder_column_1_3 1_3 fusion-flex-column\" style=\"--awb-bg-size:cover;--awb-width-large:33.333333333333%;--awb-margin-top-large:20px;--awb-spacing-right-large:5.76%;--awb-margin-bottom-large:20px;--awb-spacing-left-large:5.76%;--awb-width-medium:100%;--awb-order-medium:0;--awb-spacing-right-medium:1.92%;--awb-spacing-left-medium:1.92%;--awb-width-small:100%;--awb-order-small:0;--awb-spacing-right-small:1.92%;--awb-spacing-left-small:1.92%;\"><div class=\"fusion-column-wrapper fusion-column-has-shadow fusion-flex-justify-content-flex-start fusion-content-layout-column\"><div class=\"fusion-text fusion-text-7\"><p><a href=\"https:\/\/www.soleum.at\/\" target=\"_blank\" rel=\"noopener\"> SOLEUM AUSTRIA Construcci\u00f3n de ba\u00f1os de vapor <\/a><\/p>\n<\/div><div class=\"fusion-image-element \" style=\"--awb-caption-title-font-family:var(--h2_typography-font-family);--awb-caption-title-font-weight:var(--h2_typography-font-weight);--awb-caption-title-font-style:var(--h2_typography-font-style);--awb-caption-title-size:var(--h2_typography-font-size);--awb-caption-title-transform:var(--h2_typography-text-transform);--awb-caption-title-line-height:var(--h2_typography-line-height);--awb-caption-title-letter-spacing:var(--h2_typography-letter-spacing);\"><span class=\" fusion-imageframe imageframe-none imageframe-3 hover-type-none\"><a class=\"fusion-no-lightbox\" href=\"https:\/\/www.soleum.at\/\" target=\"_blank\" aria-label=\"SOLEUM-Austria\" rel=\"noopener noreferrer\"><img decoding=\"async\" width=\"600\" height=\"360\" alt=\"SOLEUM AUSTRIA\" src=\"https:\/\/soleum.com\/wp-content\/uploads\/2023\/08\/SOLEUM-Austria.webp\" class=\"img-responsive wp-image-14581\" srcset=\"https:\/\/soleum.com\/wp-content\/uploads\/2023\/08\/SOLEUM-Austria-200x120.jpg 200w, https:\/\/soleum.com\/wp-content\/uploads\/2023\/08\/SOLEUM-Austria-400x240.jpg 400w, https:\/\/soleum.com\/wp-content\/uploads\/2023\/08\/SOLEUM-Austria.webp 600w\" sizes=\"(max-width: 1500px) 100vw, (max-width: 640px) 100vw, 400px\" title=\"\"><\/a><\/span><\/div><\/div><\/div><div class=\"fusion-layout-column fusion_builder_column fusion-builder-column-6 fusion_builder_column_1_3 1_3 fusion-flex-column\" style=\"--awb-bg-size:cover;--awb-width-large:33.333333333333%;--awb-margin-top-large:20px;--awb-spacing-right-large:5.76%;--awb-margin-bottom-large:20px;--awb-spacing-left-large:5.76%;--awb-width-medium:100%;--awb-order-medium:0;--awb-spacing-right-medium:1.92%;--awb-spacing-left-medium:1.92%;--awb-width-small:100%;--awb-order-small:0;--awb-spacing-right-small:1.92%;--awb-spacing-left-small:1.92%;\"><div class=\"fusion-column-wrapper fusion-column-has-shadow fusion-flex-justify-content-flex-start fusion-content-layout-column\"><div class=\"fusion-text fusion-text-8\"><p><a href=\"https:\/\/www.dampfbad.at\/\" target=\"_blank\" rel=\"noopener\"> SOLEUM AUSTRIA Fabricante de ba\u00f1os de vapor y zonas SPA <\/a><\/p>\n<\/div><div class=\"fusion-image-element \" style=\"--awb-caption-title-font-family:var(--h2_typography-font-family);--awb-caption-title-font-weight:var(--h2_typography-font-weight);--awb-caption-title-font-style:var(--h2_typography-font-style);--awb-caption-title-size:var(--h2_typography-font-size);--awb-caption-title-transform:var(--h2_typography-text-transform);--awb-caption-title-line-height:var(--h2_typography-line-height);--awb-caption-title-letter-spacing:var(--h2_typography-letter-spacing);\"><span class=\" fusion-imageframe imageframe-none imageframe-4 hover-type-none\"><a class=\"fusion-no-lightbox\" href=\"https:\/\/www.dampfbad.at\/\" target=\"_blank\" aria-label=\"SOLEUM-Dampfbad_at_Oesterreich\" rel=\"noopener noreferrer\"><img decoding=\"async\" width=\"600\" height=\"360\" alt=\"SOLEUM AUSTRIA\" src=\"https:\/\/soleum.com\/wp-content\/uploads\/2023\/08\/SOLEUM-Dampfbad_at_Oesterreich.webp\" class=\"img-responsive wp-image-14594\" srcset=\"https:\/\/soleum.com\/wp-content\/uploads\/2023\/08\/SOLEUM-Dampfbad_at_Oesterreich-200x120.jpg 200w, https:\/\/soleum.com\/wp-content\/uploads\/2023\/08\/SOLEUM-Dampfbad_at_Oesterreich-400x240.jpg 400w, https:\/\/soleum.com\/wp-content\/uploads\/2023\/08\/SOLEUM-Dampfbad_at_Oesterreich.webp 600w\" sizes=\"(max-width: 1500px) 100vw, (max-width: 640px) 100vw, 400px\" title=\"\"><\/a><\/span><\/div><\/div><\/div><div class=\"fusion-layout-column fusion_builder_column fusion-builder-column-7 fusion_builder_column_1_1 1_1 fusion-flex-column\" style=\"--awb-bg-size:cover;--awb-width-large:100%;--awb-margin-top-large:20px;--awb-spacing-right-large:1.92%;--awb-margin-bottom-large:20px;--awb-spacing-left-large:1.92%;--awb-width-medium:100%;--awb-order-medium:0;--awb-spacing-right-medium:1.92%;--awb-spacing-left-medium:1.92%;--awb-width-small:100%;--awb-order-small:0;--awb-spacing-right-small:1.92%;--awb-spacing-left-small:1.92%;\"><div class=\"fusion-column-wrapper fusion-column-has-shadow fusion-flex-justify-content-flex-start fusion-content-layout-column\"><div class=\"fusion-text fusion-text-9\"><p>Puede pedir TUMBONA CALIENTE ya preparada en nuestra <a href=\"https:\/\/www.soleum.de\/product-category\/spa_waermeliege_wellnessliege\/\" target=\"_blank\" rel=\"noopener\">TIENDA<\/a> (seg\u00fan seg\u00fan disponibilidad).<\/p>\n<\/div><\/div><\/div><\/div><\/div>\n<\/p>\n","protected":false},"excerpt":{"rendered":"","protected":false},"author":1,"featured_media":20642,"comment_status":"closed","ping_status":"closed","sticky":false,"template":"","format":"standard","meta":{"_exactmetrics_skip_tracking":false,"_exactmetrics_sitenote_active":false,"_exactmetrics_sitenote_note":"","_exactmetrics_sitenote_category":0,"footnotes":""},"categories":[1728],"tags":[4517,1739,3827,1759,1731,4582,4506,4588,4515,4581,4577,1732,4575,4518,4552,4532,4526,4524,4530,4533,4557,4567,1761,2071,4583,4525,4543,1741,1745,1740,1753,4513,1736,4539,4548,4531,4520,4544,4505,4528,4527,4540,4551,4559,4570,4564,4522,4536,4547,1749,1729,1762,1730,1738,4592,4510,1735,4512,4545,4554,4509,4573,4563,4519,4535,1754,1752,4576,4569,1737,3826,4537,4586,4590,1742,1746,1748,4579,4584,4516,1744,4508,4587,4534,4523,4507,4560,4529],"class_list":["post-16966","post","type-post","status-publish","format-standard","has-post-thumbnail","hentry","category-soleum-ellipse-spa-proyectos","tag-adecuado-para-el-invierno","tag-architekten-spa-es","tag-area-de-bano-de-vapor-al-aire-libre-de-lujo","tag-aussen-spa-es","tag-aussendampfbad-es","tag-autocuidado-de-lujo","tag-bano-de-vapor-premium","tag-bespokewellness","tag-bienestar-alpino","tag-bienestarparalaelite","tag-breathofluxury","tag-dampfbad-fuer-den-aussenbereich-es","tag-detoxlujo","tag-diseno-exclusivo","tag-dreamgarden","tag-escapada-de-lujo","tag-estilo-de-vida-de-elite","tag-estilo-de-vida-de-lujo","tag-estilo-de-vida-millonario","tag-exclusiveliving","tag-gardengoals","tag-gardenofdreams","tag-garten-spa-es","tag-haloterapia","tag-healinginluxury","tag-highendliving","tag-highendtoys","tag-hotel-spa-innovation-es","tag-hotel-supply-es","tag-hoteldampfbad-es","tag-infinito-spa","tag-inglaterraestado","tag-inhalationskabine-es","tag-investinluxury","tag-jardin-de-ensueno","tag-jardin-de-lujo-2","tag-jardin-de-lujo","tag-lujoadiccion","tag-lujobienestar","tag-lujobienestar-2","tag-lujoexterior","tag-lujoparahombres","tag-lujopatio-trasero","tag-lujopiscina","tag-lujosalud","tag-lujovivir-al-aire-libre","tag-luxurylife","tag-luxurymusthaves","tag-luxuryobsession","tag-luxus-aussendampfbad-es","tag-luxus-dampfbad-es","tag-luxus-garten-spa-es","tag-luxus-spa-es","tag-luxus-spa-artikel-es","tag-madeinaustria","tag-mallorcalujo","tag-meeresklimakabine-es","tag-monacoestilo-de-vida","tag-onlythebest","tag-outdooroasis","tag-outdoorspa","tag-premiumwellness","tag-privateparadise","tag-privatespa","tag-richpeoplethings","tag-sala-de-vapor-de-la-piscina-infinita","tag-sala-de-vapor-del-jardin","tag-salterapia","tag-saludessalud","tag-salzinhalation-es","tag-sauna-al-aire-libre","tag-simbolo-de-estatus","tag-smartluxury","tag-soleum","tag-soleum-ellipse-es","tag-spa-designer-es","tag-spa-projekt-es","tag-spaathome","tag-terapeuticolujo","tag-terapia-de-aire-salino","tag-thermal-spa-produkt-es","tag-todo-el-anodisfruta","tag-todoclimalujo","tag-toysforbigboys","tag-ultimateluxury","tag-villaslujo","tag-villavibes","tag-vipestilo-de-vida"],"_links":{"self":[{"href":"https:\/\/soleum.com\/es\/wp-json\/wp\/v2\/posts\/16966","targetHints":{"allow":["GET"]}}],"collection":[{"href":"https:\/\/soleum.com\/es\/wp-json\/wp\/v2\/posts"}],"about":[{"href":"https:\/\/soleum.com\/es\/wp-json\/wp\/v2\/types\/post"}],"author":[{"embeddable":true,"href":"https:\/\/soleum.com\/es\/wp-json\/wp\/v2\/users\/1"}],"replies":[{"embeddable":true,"href":"https:\/\/soleum.com\/es\/wp-json\/wp\/v2\/comments?post=16966"}],"version-history":[{"count":0,"href":"https:\/\/soleum.com\/es\/wp-json\/wp\/v2\/posts\/16966\/revisions"}],"wp:featuredmedia":[{"embeddable":true,"href":"https:\/\/soleum.com\/es\/wp-json\/wp\/v2\/media\/20642"}],"wp:attachment":[{"href":"https:\/\/soleum.com\/es\/wp-json\/wp\/v2\/media?parent=16966"}],"wp:term":[{"taxonomy":"category","embeddable":true,"href":"https:\/\/soleum.com\/es\/wp-json\/wp\/v2\/categories?post=16966"},{"taxonomy":"post_tag","embeddable":true,"href":"https:\/\/soleum.com\/es\/wp-json\/wp\/v2\/tags?post=16966"}],"curies":[{"name":"wp","href":"https:\/\/api.w.org\/{rel}","templated":true}]}}